{"id":31834,"date":"2022-06-08T13:07:42","date_gmt":"2022-06-08T13:07:42","guid":{"rendered":"https:\/\/todoapulmon-rafaela.com\/?p=31834"},"modified":"2022-06-08T13:14:22","modified_gmt":"2022-06-08T13:14:22","slug":"jaguares-xv-en-viaje-a-estados-unidos-con-mayco-vivas","status":"publish","type":"post","link":"https:\/\/todoapulmon-rafaela.com\/index.php\/2022\/06\/08\/jaguares-xv-en-viaje-a-estados-unidos-con-mayco-vivas\/","title":{"rendered":"Jaguares XV en viaje a Estados Unidos con Mayco Vivas"},"content":{"rendered":"<p>Luego de dos jornadas completas de entrenamiento en Casa Pumas, el plantel de\u00a0<strong>Jaguares XV<\/strong> viaja este mi\u00e9rcoles rumbo a los Estados Unidos, donde realizar\u00e1 una breve gira de dos encuentros amistosos frente a un conjunto local y otro canadiense. La franquicia argentina, como campe\u00f3n de la SLAR 2021, participar\u00e1 del <strong>Challenge Cup of the Americas<\/strong>, competencia en la cual tambi\u00e9n actuar\u00e1 Pe\u00f1arol Rugby, como campe\u00f3n de la SLAR 2022.<\/p>\n<p>La novedad tiene que ver con la baja de \u00faltimo momento de\u00a0<strong>Lautaro Caro Saisi<\/strong>. El pilar de Pueyrred\u00f3n, como toda la delegaci\u00f3n, se realiz\u00f3 los estudios de PCR y al dar positivo de COVID-19 no pudo ser tenido en cuenta; en su reemplazo fue convocado el cordob\u00e9s\u00a0<strong>Enzo Avaca<\/strong>, de Tala Rugby Club, que se sumar\u00e1 a la delegaci\u00f3n en los pr\u00f3ximos d\u00edas.<\/p>\n<p>Recordemos que forma parte de la delegaci\u00f3n el rafaelino <strong>Mayco Vivas.<\/strong><\/p>\n<p>La segunda jornada de entrenamiento se dio enmarcada por un densa neblina y, tal como ocurri\u00f3 el primer d\u00eda, colaboraron Andr\u00e9s Bordoy y Juan Mart\u00edn Fern\u00e1ndez Lobbe, miembros del staff de Los Pumas.<\/p>\n<p>El Challenge Cup of the Americas se llevar\u00e1 a cabo en Glendale, Colorado, se transmitir\u00e1 por streaming y los partidos est\u00e1n pautados para el s\u00e1bado 11 y el s\u00e1bado 18 de junio, en el Infinity Park Stadium de Glendale (en las afueras de Denver); los rivales ser\u00e1n los\u00a0<strong>American Raptors<\/strong>\u00a0(uno de los fundadores de la MLR, en la que actu\u00f3 hasta 2020) y los\u00a0<strong>UBC Old Boys Ravens<\/strong>\u00a0(Vancouver).<\/p>\n<p>Para el head coach de Jaguares XV, Ignacio Fern\u00e1ndez Lobbe, esta experiencia ser\u00e1 interesante para el plantel: \u201cEsta oportunidad que se nos present\u00f3 a los campeones de las versiones 2021 y 2022 de la SLAR es muy positiva. Vamos a tener la posibilidad de ver en acci\u00f3n en Jaguares XV a jugadores que se destacaron en otras franquicias, como Cafeteros, Olimpia y Selknam; eso nos va a permitir tenerlos y verlos de cerca a estos jugadores, para seguir construyendo un futuro. Sin duda, ser\u00e1 una experiencia enriquecedora en todo sentido, porque se trata de dos partidos en otro pa\u00eds y antes rivales de otras caracter\u00edsticas. Todas estas oportunidades nos sirven para seguir midi\u00e9ndonos en un alto nivel internacional\u201d, explic\u00f3 el entrenador de la franquicia argentina.<\/p>\n<p>Luego de su participaci\u00f3n con Cafeteros Pro en la Superliga Americana, el mendocino Juli\u00e1n Hern\u00e1ndez fue llamado por primera vez para la franquicia argentina, y sobre esta situaci\u00f3n expres\u00f3: \u201cEs algo espectacular, se trata de una gran oportunidad y quiero dar lo m\u00e1ximo para no desaprovecharla. Ese es mi compromiso. Estos dos d\u00edas de entrenamiento fueron intensos, pero me sirvieron para unirme al equipo, y ahora nos queda un tiempo m\u00e1s de pr\u00e1cticas, y despu\u00e9s tratar de rendir de la mejor manera lo que me toque jugar\u201d, dijo el jugador formado en Maristas.<\/p>\n<p>El fixture del Challenge Cup of the Americas es el siguiente:<\/p>\n<p><strong><u>S\u00e1bado 11 de junio<\/u><\/strong><\/p>\n<p>American Raptors vs.\u00a0<strong>Jaguares XV<\/strong>\u00a0<em>(16:00hs de Buenos Aires)<\/em><\/p>\n<p>UBC Old Boys Ravens vs. Pe\u00f1arol Rugby\u00a0<em>(18:30hs de Buenos Aires)<\/em><\/p>\n<p><strong><u>S\u00e1bado 18 de junio<\/u><\/strong><\/p>\n<p>UBC Old Boys Ravens vs.\u00a0<strong>Jaguares XV<\/strong>\u00a0(16:00hs de Buenos Aires)<\/p>\n<p>American Raptors vs. Pe\u00f1arol Rugby (18:30hs de Buenos Aires)<\/p>\n<p>Los 26 jugadores convocados para conformar el plantel son los siguientes:<\/p>\n<p><strong>AVACA<\/strong>, Enzo (Tala RC)<\/p>\n<p><strong>BARES<\/strong>, Felipe (Los Tilos)<\/p>\n<p><strong>BAZ\u00c1N V\u00c9LEZ<\/strong>, Lautaro (C\u00f3rdoba Athletic)<\/p>\n<p><strong>BERNSTEIN<\/strong>, Manuel (CRAI)<\/p>\n<p><strong>CASTRO<\/strong>, Juan Pablo (San Juan RC)<\/p>\n<p><strong>CORONEL<\/strong>, Javier (Universitario de La Plata)<\/p>\n<p><strong>CUBILLA<\/strong>, Tom\u00e1s (Alumni)<\/p>\n<p><strong>D\u2019AGOSTINO<\/strong>, Ramiro (Delta RC)<\/p>\n<p><strong>D\u2019AMORIM<\/strong>, Nicol\u00e1s (Hind\u00fa Club)<\/p>\n<p><strong>DELGADO<\/strong>, Adri\u00e1n (Liceo Naval)<\/p>\n<p><strong>DELGUY<\/strong>, I\u00f1aki (Pucar\u00e1)<\/p>\n<p><strong>HERN\u00c1NDEZ<\/strong>, Gregorio (Tala RC)<\/p>\n<p><strong>HERN\u00c1NDEZ<\/strong>, Juli\u00e1n (Marista RC)<\/p>\n<p><strong>LAND\u00d3<\/strong>, Juan Ignacio (Belgrano Athletic)<\/p>\n<p><strong>MENDY<\/strong>, Ignacio (Los Tilos)<\/p>\n<p><strong>MIL\u00c1N<\/strong>, Nahuel (San Fernando)<\/p>\n<p><strong>MOLINA<\/strong>, Franco (Jockey Club de C\u00f3rdoba)<\/p>\n<p><strong>MORALES<\/strong>, Eliseo (Universitario de Salta)<\/p>\n<p><strong>PANZARINI<\/strong>, Andrea (SIC)<\/p>\n<p><strong>PRISCIANTELLI<\/strong>, Ger\u00f3nimo (CASI)<\/p>\n<p><strong>REVOL PITT<\/strong>, Nicol\u00e1s (La Tablada)<\/p>\n<p><strong>ROMANINI<\/strong>, Mariano (Alumni)<\/p>\n<p><strong>RUIZ<\/strong>, Ignacio (Regatas Bella Vista)<\/p>\n<p><strong>RUIZ<\/strong>, Santiago (Regatas Bella Vista)<\/p>\n<p><strong>SEGURA<\/strong>, Agust\u00edn (Jockey Club de C\u00f3rdoba)<\/p>\n<p><strong>VIVAS<\/strong>, Mayco (UAR).<\/p>\n<p>&nbsp;<\/p>\n","protected":false},"excerpt":{"rendered":"<p>Luego de dos jornadas completas de entrenamiento en Casa Pumas, el plantel de\u00a0Jaguares XV viaja este mi\u00e9rcoles rumbo a los<\/p>\n","protected":false},"author":2,"featured_media":31835,"comment_status":"open","ping_status":"open","sticky":false,"template":"","format":"standard","meta":{"footnotes":""},"categories":[24,2],"tags":[],"class_list":["post-31834","post","type-post","status-publish","format-standard","has-post-thumbnail","hentry","category-noticias-destacadas","category-rugby"],"cc_featured_image_caption":{"caption_text":"FOTO PRENSA JAGUARES","source_text":"","source_url":""},"_links":{"self":[{"href":"https:\/\/todoapulmon-rafaela.com\/index.php\/wp-json\/wp\/v2\/posts\/31834"}],"collection":[{"href":"https:\/\/todoapulmon-rafaela.com\/index.php\/wp-json\/wp\/v2\/posts"}],"about":[{"href":"https:\/\/todoapulmon-rafaela.com\/index.php\/wp-json\/wp\/v2\/types\/post"}],"author":[{"embeddable":true,"href":"https:\/\/todoapulmon-rafaela.com\/index.php\/wp-json\/wp\/v2\/users\/2"}],"replies":[{"embeddable":true,"href":"https:\/\/todoapulmon-rafaela.com\/index.php\/wp-json\/wp\/v2\/comments?post=31834"}],"version-history":[{"count":3,"href":"https:\/\/todoapulmon-rafaela.com\/index.php\/wp-json\/wp\/v2\/posts\/31834\/revisions"}],"predecessor-version":[{"id":31838,"href":"https:\/\/todoapulmon-rafaela.com\/index.php\/wp-json\/wp\/v2\/posts\/31834\/revisions\/31838"}],"wp:featuredmedia":[{"embeddable":true,"href":"https:\/\/todoapulmon-rafaela.com\/index.php\/wp-json\/wp\/v2\/media\/31835"}],"wp:attachment":[{"href":"https:\/\/todoapulmon-rafaela.com\/index.php\/wp-json\/wp\/v2\/media?parent=31834"}],"wp:term":[{"taxonomy":"category","embeddable":true,"href":"https:\/\/todoapulmon-rafaela.com\/index.php\/wp-json\/wp\/v2\/categories?post=31834"},{"taxonomy":"post_tag","embeddable":true,"href":"https:\/\/todoapulmon-rafaela.com\/index.php\/wp-json\/wp\/v2\/tags?post=31834"}],"curies":[{"name":"wp","href":"https:\/\/api.w.org\/{rel}","templated":true}]}}