{"id":31826,"date":"2022-06-07T17:29:39","date_gmt":"2022-06-07T17:29:39","guid":{"rendered":"https:\/\/todoapulmon-rafaela.com\/?p=31826"},"modified":"2022-06-07T17:29:39","modified_gmt":"2022-06-07T17:29:39","slug":"se-viene-la-segunda-edicion-de-plaza-deportiva","status":"publish","type":"post","link":"https:\/\/todoapulmon-rafaela.com\/index.php\/2022\/06\/07\/se-viene-la-segunda-edicion-de-plaza-deportiva\/","title":{"rendered":"Se viene la segunda edici\u00f3n de \u00abPlaza Deportiva\u00bb"},"content":{"rendered":"<div id=\"m_2866390796450480944620ecdf-7bf8-4efa-b8cf-29d5bcf4d840\">Disminuir el sedentarismo y potenciar la pr\u00e1ctica de deporte favorece el desarrollo en la ni\u00f1ez. Por ello, desde el Municipio se trabaja en distintas actividades deportivas y recreativas para los m\u00e1s chicos.<\/div>\n<div id=\"m_2866390796450480944620ecdf-7bf8-4efa-b8cf-29d5bcf4d840\"><\/div>\n<div id=\"m_2866390796450480944620ecdf-7bf8-4efa-b8cf-29d5bcf4d840\">\u00abPlaza Deportiva\u00bb es una propuesta de la Municipalidad de Rafaela, generada y organizada por la Subsecretar\u00eda de Deportes y Recreaci\u00f3n. La actividad est\u00e1 enfocada a chicos y chicas de 5 a 12 a\u00f1os, y tendr\u00e1 lugar este s\u00e1bado 11 de junio, de 14:30 a 16:30 en avenida Podio, entre L\u00f3pez y Planes y Pringles.<\/div>\n<div id=\"m_2866390796450480944620ecdf-7bf8-4efa-b8cf-29d5bcf4d840\"><\/div>\n<div id=\"m_2866390796450480944620ecdf-7bf8-4efa-b8cf-29d5bcf4d840\"><strong>\u00bfEn qu\u00e9 consiste?<\/strong><\/div>\n<div id=\"m_2866390796450480944620ecdf-7bf8-4efa-b8cf-29d5bcf4d840\">\u00abVa ser una acci\u00f3n deportiva ya que vamos a contar con estaciones con distintos deportes, y tambi\u00e9n recreativa; es decir, no competitiva, donde los chicos y chicas podr\u00e1n elegir las estaciones en las que quieran participar. Ser\u00e1n 6 estaciones: mini atletismo, f\u00fatbol, hockey, tenis, boxeo, pat\u00edn y juegos competitivos, para que los chicos y chicas puedan pasar por los diferentes deportes\u201d, manifest\u00f3 la profesora de educaci\u00f3n f\u00edsica e integrante de la Subsecretar\u00eda de Deportes y Recreaci\u00f3n, Bel\u00e9n Georgis.<\/div>\n<div id=\"m_2866390796450480944620ecdf-7bf8-4efa-b8cf-29d5bcf4d840\"><\/div>\n<div id=\"m_2866390796450480944620ecdf-7bf8-4efa-b8cf-29d5bcf4d840\">\u00abEn cada estaci\u00f3n va a haber sorpresas para los participantes, y una vez finalizadas las actividades, se realizar\u00e1 un cierre con una merienda\u00bb, finaliz\u00f3.<\/div>\n","protected":false},"excerpt":{"rendered":"<p>Disminuir el sedentarismo y potenciar la pr\u00e1ctica de deporte favorece el desarrollo en la ni\u00f1ez. Por ello, desde el Municipio<\/p>\n","protected":false},"author":2,"featured_media":31827,"comment_status":"open","ping_status":"open","sticky":false,"template":"","format":"standard","meta":{"footnotes":""},"categories":[24],"tags":[],"class_list":["post-31826","post","type-post","status-publish","format-standard","has-post-thumbnail","hentry","category-noticias-destacadas"],"cc_featured_image_caption":{"caption_text":"FOTO PRENSA MUNICIPALIDAD","source_text":"","source_url":""},"_links":{"self":[{"href":"https:\/\/todoapulmon-rafaela.com\/index.php\/wp-json\/wp\/v2\/posts\/31826"}],"collection":[{"href":"https:\/\/todoapulmon-rafaela.com\/index.php\/wp-json\/wp\/v2\/posts"}],"about":[{"href":"https:\/\/todoapulmon-rafaela.com\/index.php\/wp-json\/wp\/v2\/types\/post"}],"author":[{"embeddable":true,"href":"https:\/\/todoapulmon-rafaela.com\/index.php\/wp-json\/wp\/v2\/users\/2"}],"replies":[{"embeddable":true,"href":"https:\/\/todoapulmon-rafaela.com\/index.php\/wp-json\/wp\/v2\/comments?post=31826"}],"version-history":[{"count":1,"href":"https:\/\/todoapulmon-rafaela.com\/index.php\/wp-json\/wp\/v2\/posts\/31826\/revisions"}],"predecessor-version":[{"id":31828,"href":"https:\/\/todoapulmon-rafaela.com\/index.php\/wp-json\/wp\/v2\/posts\/31826\/revisions\/31828"}],"wp:featuredmedia":[{"embeddable":true,"href":"https:\/\/todoapulmon-rafaela.com\/index.php\/wp-json\/wp\/v2\/media\/31827"}],"wp:attachment":[{"href":"https:\/\/todoapulmon-rafaela.com\/index.php\/wp-json\/wp\/v2\/media?parent=31826"}],"wp:term":[{"taxonomy":"category","embeddable":true,"href":"https:\/\/todoapulmon-rafaela.com\/index.php\/wp-json\/wp\/v2\/categories?post=31826"},{"taxonomy":"post_tag","embeddable":true,"href":"https:\/\/todoapulmon-rafaela.com\/index.php\/wp-json\/wp\/v2\/tags?post=31826"}],"curies":[{"name":"wp","href":"https:\/\/api.w.org\/{rel}","templated":true}]}}