{"id":31823,"date":"2022-06-07T13:47:36","date_gmt":"2022-06-07T13:47:36","guid":{"rendered":"https:\/\/todoapulmon-rafaela.com\/?p=31823"},"modified":"2022-06-07T13:47:36","modified_gmt":"2022-06-07T13:47:36","slug":"nuevo-desafio-internacional-para-milena-margaria","status":"publish","type":"post","link":"https:\/\/todoapulmon-rafaela.com\/index.php\/2022\/06\/07\/nuevo-desafio-internacional-para-milena-margaria\/","title":{"rendered":"Nuevo desaf\u00edo internacional para Milena Margar\u00eda"},"content":{"rendered":"<p>Este martes comenzar\u00e1 la Copa Panamericana U20 en La Paz, Baja California, M\u00e9xico, con la participaci\u00f3n de diez equipos. Argentina debutar\u00e1 frente a Canad\u00e1, desde las 19 (hora argentina). El torneo se extender\u00e1 hasta el pr\u00f3ximo domingo 12 de junio.<\/p>\n<p>El seleccionado argentino contar\u00e1 con la participaci\u00f3n de Milena Margar\u00eda, la jugadora sunchalense surgida de los torneos de la ARV con Uni\u00f3n y que actualmente juega en River Plate. Cabe acotar que si bien el certamen es U20, Milena tiene 17 a\u00f1os.<\/p>\n<p>El equipo dirigido por Marcelo Silva viaj\u00f3 a M\u00e9xico en el fin de semana con la baja de \u00faltimo momento de Nicole P\u00e9rez, con COVID, y enfrentar\u00e1 en primera ronda a las chicas canadienses, a Costa Rica y a Estados Unidos en la\u00a0 zona de cuatro.<\/p>\n<p>El resto de los grupos los conforman Cuba, Puerto Rico y Rep\u00fablica Dominicana y el otro M\u00e9xico, Chile y Honduras. Los dos mejores primeros clasificar\u00e1n directo a semifinales, mientras que los restantes destacados jugar\u00e1n desde cuartos de final.<\/p>\n<p><strong>Plantel Selecci\u00f3n Argentina<\/strong><br \/>\nJulieta Aruga<br \/>\nValentina Vaulet<br \/>\nVictoria Caballero<br \/>\nEmma Bednarek<br \/>\nAvril Garc\u00eda<br \/>\nJuana Giardini<br \/>\nMilena Margar\u00eda<br \/>\nJosefina Ossvald<br \/>\nKeila Llanos<br \/>\nConstanza P\u00e9rez<br \/>\nMalena Marquez<\/p>\n<p><strong>Cuerpo t\u00e9cnico<\/strong><br \/>\nDT: Marcelo Silva<br \/>\nAsistente: N\u00e9stor Ariel Ver\u00f3n<br \/>\nEstad\u00edstico: Nicol\u00e1s Ippolito<br \/>\nKinesi\u00f3loga: Florencia Siciliano<br \/>\nM\u00e1nager: V\u00edctor R\u00edos.<\/p>\n","protected":false},"excerpt":{"rendered":"<p>Este martes comenzar\u00e1 la Copa Panamericana U20 en La Paz, Baja California, M\u00e9xico, con la participaci\u00f3n de diez equipos. Argentina<\/p>\n","protected":false},"author":2,"featured_media":31824,"comment_status":"open","ping_status":"open","sticky":false,"template":"","format":"standard","meta":{"footnotes":""},"categories":[16],"tags":[],"class_list":["post-31823","post","type-post","status-publish","format-standard","has-post-thumbnail","hentry","category-voley"],"cc_featured_image_caption":{"caption_text":"FOTO FEVA","source_text":"","source_url":""},"_links":{"self":[{"href":"https:\/\/todoapulmon-rafaela.com\/index.php\/wp-json\/wp\/v2\/posts\/31823"}],"collection":[{"href":"https:\/\/todoapulmon-rafaela.com\/index.php\/wp-json\/wp\/v2\/posts"}],"about":[{"href":"https:\/\/todoapulmon-rafaela.com\/index.php\/wp-json\/wp\/v2\/types\/post"}],"author":[{"embeddable":true,"href":"https:\/\/todoapulmon-rafaela.com\/index.php\/wp-json\/wp\/v2\/users\/2"}],"replies":[{"embeddable":true,"href":"https:\/\/todoapulmon-rafaela.com\/index.php\/wp-json\/wp\/v2\/comments?post=31823"}],"version-history":[{"count":1,"href":"https:\/\/todoapulmon-rafaela.com\/index.php\/wp-json\/wp\/v2\/posts\/31823\/revisions"}],"predecessor-version":[{"id":31825,"href":"https:\/\/todoapulmon-rafaela.com\/index.php\/wp-json\/wp\/v2\/posts\/31823\/revisions\/31825"}],"wp:featuredmedia":[{"embeddable":true,"href":"https:\/\/todoapulmon-rafaela.com\/index.php\/wp-json\/wp\/v2\/media\/31824"}],"wp:attachment":[{"href":"https:\/\/todoapulmon-rafaela.com\/index.php\/wp-json\/wp\/v2\/media?parent=31823"}],"wp:term":[{"taxonomy":"category","embeddable":true,"href":"https:\/\/todoapulmon-rafaela.com\/index.php\/wp-json\/wp\/v2\/categories?post=31823"},{"taxonomy":"post_tag","embeddable":true,"href":"https:\/\/todoapulmon-rafaela.com\/index.php\/wp-json\/wp\/v2\/tags?post=31823"}],"curies":[{"name":"wp","href":"https:\/\/api.w.org\/{rel}","templated":true}]}}