{"id":31813,"date":"2022-06-06T18:08:51","date_gmt":"2022-06-06T18:08:51","guid":{"rendered":"https:\/\/todoapulmon-rafaela.com\/?p=31813"},"modified":"2022-06-06T18:08:51","modified_gmt":"2022-06-06T18:08:51","slug":"fin-de-semana-de-alegrias-para-abril-beltramino-y-charo-cordero-con-duendes","status":"publish","type":"post","link":"https:\/\/todoapulmon-rafaela.com\/index.php\/2022\/06\/06\/fin-de-semana-de-alegrias-para-abril-beltramino-y-charo-cordero-con-duendes\/","title":{"rendered":"Fin de semana de alegr\u00edas para Abril Beltramino y Charo Cordero con Duendes"},"content":{"rendered":"<p>El pasado s\u00e1bado dos jugadoras de nuestra ciudad surgidas de CRAR tuvieron importantes satisfacciones en el contexto de una muy buena temporada que vienen teniendo con Duendes de Rosario, en el torneo de Litoral.<\/p>\n<p>La Reserva A obtuvo el campeonato a una fecha del final del primer torneo de la temporada con el empate ante Provincial, siendo Abril Beltramino una de sus principales referentes en cuanto a rendimiento. De hecho la delantera es una de las goleadoras del torneo con 7 goles.<\/p>\n<p><img loading=\"lazy\" decoding=\"async\" class=\"alignnone size-full wp-image-31815\" src=\"https:\/\/todoapulmon-rafaela.com\/wp-content\/uploads\/2022\/06\/Abril-Duendes.jpg\" alt=\"\" width=\"1600\" height=\"1066\" srcset=\"https:\/\/todoapulmon-rafaela.com\/wp-content\/uploads\/2022\/06\/Abril-Duendes.jpg 1600w, https:\/\/todoapulmon-rafaela.com\/wp-content\/uploads\/2022\/06\/Abril-Duendes-300x200.jpg 300w, https:\/\/todoapulmon-rafaela.com\/wp-content\/uploads\/2022\/06\/Abril-Duendes-1536x1023.jpg 1536w\" sizes=\"(max-width: 1600px) 100vw, 1600px\" \/><\/p>\n<p>En tanto, la Primera A tuvo en el arco a Mar\u00eda del Rosario \u00abCharo\u00bb Cordero. Tambi\u00e9n empat\u00f3 con Provincial, y se asegur\u00f3 un lugar en la S\u00faper final para la parte decisiva del a\u00f1o.<\/p>\n<p>Las dos jugadoras viajan este martes con destino a Rafaela, con estas recientes satisfacciones vividas, y por la noche emprender\u00e1n el viaje con el seleccionado de damas de la FOSH que participar\u00e1 desde el jueves en el Argentino de Tucum\u00e1n.<\/p>\n","protected":false},"excerpt":{"rendered":"<p>El pasado s\u00e1bado dos jugadoras de nuestra ciudad surgidas de CRAR tuvieron importantes satisfacciones en el contexto de una muy<\/p>\n","protected":false},"author":2,"featured_media":31814,"comment_status":"open","ping_status":"open","sticky":false,"template":"","format":"standard","meta":{"footnotes":""},"categories":[3,24],"tags":[],"class_list":["post-31813","post","type-post","status-publish","format-standard","has-post-thumbnail","hentry","category-hockey","category-noticias-destacadas"],"cc_featured_image_caption":{"caption_text":"Charo, la arquera de la izquierda y junto a ella arriba Abril, en medio del festejo de Duendes.","source_text":"","source_url":""},"_links":{"self":[{"href":"https:\/\/todoapulmon-rafaela.com\/index.php\/wp-json\/wp\/v2\/posts\/31813"}],"collection":[{"href":"https:\/\/todoapulmon-rafaela.com\/index.php\/wp-json\/wp\/v2\/posts"}],"about":[{"href":"https:\/\/todoapulmon-rafaela.com\/index.php\/wp-json\/wp\/v2\/types\/post"}],"author":[{"embeddable":true,"href":"https:\/\/todoapulmon-rafaela.com\/index.php\/wp-json\/wp\/v2\/users\/2"}],"replies":[{"embeddable":true,"href":"https:\/\/todoapulmon-rafaela.com\/index.php\/wp-json\/wp\/v2\/comments?post=31813"}],"version-history":[{"count":1,"href":"https:\/\/todoapulmon-rafaela.com\/index.php\/wp-json\/wp\/v2\/posts\/31813\/revisions"}],"predecessor-version":[{"id":31816,"href":"https:\/\/todoapulmon-rafaela.com\/index.php\/wp-json\/wp\/v2\/posts\/31813\/revisions\/31816"}],"wp:featuredmedia":[{"embeddable":true,"href":"https:\/\/todoapulmon-rafaela.com\/index.php\/wp-json\/wp\/v2\/media\/31814"}],"wp:attachment":[{"href":"https:\/\/todoapulmon-rafaela.com\/index.php\/wp-json\/wp\/v2\/media?parent=31813"}],"wp:term":[{"taxonomy":"category","embeddable":true,"href":"https:\/\/todoapulmon-rafaela.com\/index.php\/wp-json\/wp\/v2\/categories?post=31813"},{"taxonomy":"post_tag","embeddable":true,"href":"https:\/\/todoapulmon-rafaela.com\/index.php\/wp-json\/wp\/v2\/tags?post=31813"}],"curies":[{"name":"wp","href":"https:\/\/api.w.org\/{rel}","templated":true}]}}