{"id":31759,"date":"2022-06-04T15:34:50","date_gmt":"2022-06-04T15:34:50","guid":{"rendered":"https:\/\/todoapulmon-rafaela.com\/?p=31759"},"modified":"2022-06-04T15:35:16","modified_gmt":"2022-06-04T15:35:16","slug":"la-arv-en-el-provincial-sub-16","status":"publish","type":"post","link":"https:\/\/todoapulmon-rafaela.com\/index.php\/2022\/06\/04\/la-arv-en-el-provincial-sub-16\/","title":{"rendered":"La ARV-VG en el Provincial Sub 16"},"content":{"rendered":"<p>Este fin de semana se lleva a cabo un nuevo Torneo Interasociaciones organizado por la Federaci\u00f3n Santafesina de V\u00f3leibol. En esta oportunidad la categor\u00eda Sub 16, en ambas ramas, estar\u00e1 jugando en la ciudad de El Tr\u00e9bol con 12 seleccionados en disputa.<br \/>\nEl Club Atl\u00e9tico Trebolense dispondr\u00e1 de tres canchas de juego en simult\u00e1neo. All\u00ed, el d\u00eda s\u00e1bado ser\u00e1 la fase clasificatoria tanto en femenino como masculino, mientras que para el domingo est\u00e1n programados los Play Off.<br \/>\nLa Asociaci\u00f3n Rafaelina de Voley \u00abViviana Guntern\u00bb tendr\u00e1 una zona complicada con Rosarina, Santafesina y Ca\u00f1adense.<\/p>\n<p>El equipo es dirigido t\u00e9cnicamente por Marina Francesconi, con Adriana C\u00e1mara como asistente, y est\u00e1 integrado por las siguientes jugadoras: Malena Arballo, Valentina Barberis, Ana Gaido, Luc\u00eda Gramaglia, Valentina Pairone, Mercedes Ludue\u00f1a, Milagros Mesa, Camila P\u00e9rez, Ana Luz Morlachi, Luisina Tomattis, Martina Torres, Mar\u00eda Jos\u00e9 Werger, Guillermina Villa y Magal\u00ed Melchiori.<\/p>\n","protected":false},"excerpt":{"rendered":"<p>Este fin de semana se lleva a cabo un nuevo Torneo Interasociaciones organizado por la Federaci\u00f3n Santafesina de V\u00f3leibol. En<\/p>\n","protected":false},"author":2,"featured_media":31761,"comment_status":"open","ping_status":"open","sticky":false,"template":"","format":"standard","meta":{"footnotes":""},"categories":[24,16],"tags":[],"class_list":["post-31759","post","type-post","status-publish","format-standard","has-post-thumbnail","hentry","category-noticias-destacadas","category-voley"],"cc_featured_image_caption":{"caption_text":"El seleccionado Sub 16 de la ARV-VG que participa en El Tr\u00e9bol.","source_text":"","source_url":""},"_links":{"self":[{"href":"https:\/\/todoapulmon-rafaela.com\/index.php\/wp-json\/wp\/v2\/posts\/31759"}],"collection":[{"href":"https:\/\/todoapulmon-rafaela.com\/index.php\/wp-json\/wp\/v2\/posts"}],"about":[{"href":"https:\/\/todoapulmon-rafaela.com\/index.php\/wp-json\/wp\/v2\/types\/post"}],"author":[{"embeddable":true,"href":"https:\/\/todoapulmon-rafaela.com\/index.php\/wp-json\/wp\/v2\/users\/2"}],"replies":[{"embeddable":true,"href":"https:\/\/todoapulmon-rafaela.com\/index.php\/wp-json\/wp\/v2\/comments?post=31759"}],"version-history":[{"count":3,"href":"https:\/\/todoapulmon-rafaela.com\/index.php\/wp-json\/wp\/v2\/posts\/31759\/revisions"}],"predecessor-version":[{"id":31763,"href":"https:\/\/todoapulmon-rafaela.com\/index.php\/wp-json\/wp\/v2\/posts\/31759\/revisions\/31763"}],"wp:featuredmedia":[{"embeddable":true,"href":"https:\/\/todoapulmon-rafaela.com\/index.php\/wp-json\/wp\/v2\/media\/31761"}],"wp:attachment":[{"href":"https:\/\/todoapulmon-rafaela.com\/index.php\/wp-json\/wp\/v2\/media?parent=31759"}],"wp:term":[{"taxonomy":"category","embeddable":true,"href":"https:\/\/todoapulmon-rafaela.com\/index.php\/wp-json\/wp\/v2\/categories?post=31759"},{"taxonomy":"post_tag","embeddable":true,"href":"https:\/\/todoapulmon-rafaela.com\/index.php\/wp-json\/wp\/v2\/tags?post=31759"}],"curies":[{"name":"wp","href":"https:\/\/api.w.org\/{rel}","templated":true}]}}