{"id":31689,"date":"2022-05-31T22:03:28","date_gmt":"2022-05-31T22:03:28","guid":{"rendered":"https:\/\/todoapulmon-rafaela.com\/?p=31689"},"modified":"2022-05-31T22:46:07","modified_gmt":"2022-05-31T22:46:07","slug":"mayco-vivas-en-la-primer-lista-de-cheika-para-los-pumas","status":"publish","type":"post","link":"https:\/\/todoapulmon-rafaela.com\/index.php\/2022\/05\/31\/mayco-vivas-en-la-primer-lista-de-cheika-para-los-pumas\/","title":{"rendered":"Mayco Vivas en la primer lista de Cheika para Los Pumas"},"content":{"rendered":"<p>Michael Cheika anunci\u00f3 su primera lista de Los Pumas para la ventana de julio y dentro de su elecci\u00f3n est\u00e1 entre los forwards el rafaelino Mayco Vivas. Luego de la ausencia por lesi\u00f3n en 2021, y con el ritmo de competencia que tom\u00f3 en la Superliga Americana con Jaguares XV, el jugador rafaelino tiene la confianza del neoceland\u00e9s en esta primera convocatoria.<\/p>\n<div>Tambi\u00e9n aparecen nombres que hacen ruido. El nuevo entrenador del seleccionado convoc\u00f3 a Agust\u00edn Creevy, de gran momento en la Premiership con London Irish, despu\u00e9s de una ausencia de casi tres a\u00f1os.<\/div>\n<div>\n<div><\/div>\n<div>El nombre de Creevy es el que m\u00e1s sobresale dentro de los 32 convocados por Cheika, ya que su \u00faltima participaci\u00f3n en Los Pumas fue en la Copa del Mundo de 2019.<\/div>\n<\/div>\n<div>\n<p>Con respecto a este primer llamado, el entrenador australiano coment\u00f3 lo siguiente: \u201cEstoy muy satisfecho con nuestra primera lista de convocados para la temporada de Los Pumas. Hubo una gran competencia en cada uno de los puestos, y en nuestras conversaciones acerca de cada selecci\u00f3n de jugadores, hemos tenido en cuenta tanto la serie de partidos con Escocia, como los planes a largo plazo hacia la Copa del Mundo 2023.<\/p>\n<p>\u201cCon este objetivo en mente -agreg\u00f3-, la designaci\u00f3n que hicimos de jugadores para armar el plantel de Argentina XV para la gira por Europa, tambi\u00e9n es muy importante para nosotros. Todo esto nos dar\u00e1 la oportunidad de ver a los 60 mejores jugadores de la Argentina jugando en el alto nivel. Y lo que tambi\u00e9n es valioso para todos, es que podremos ver la camiseta de Los Pumas nuevamente en canchas argentinas despu\u00e9s de casi tres a\u00f1os\u201d, manifest\u00f3 Cheika.<\/p>\n<p>Escocia realizar\u00e1 la s\u00e9ptima visita a nuestro pa\u00eds de la historia (vino en 1969, 1994, 2008, 2010, 2014 y 2018), y los tres compromisos con los escoceses encausar\u00e1n el comienzo de esta etapa, cuya meta es la Copa del Mundo de Francia 2023.<\/p>\n<p>En esta convocatoria se producir\u00e1n, por ejemplo, los regresos al seleccionado argentino de Agust\u00edn Creevy, de Juan Imhoff y de Mayco Vivas, como as\u00ed tambi\u00e9n la inclusi\u00f3n de tres debutantes: el medio-scrum Lautaro Baz\u00e1n V\u00e9lez (recientemente dej\u00f3 de ser parte de Los Pumas 7\u2019s), el hooker Ignacio Ruiz (particip\u00f3 de la gira por Europa en 2021) y el pilar Joel Sclavi (flamante campe\u00f3n de Europa).<\/p>\n<p><img loading=\"lazy\" decoding=\"async\" class=\"alignnone size-full wp-image-31690\" src=\"https:\/\/todoapulmon-rafaela.com\/wp-content\/uploads\/2022\/05\/Screenshot_20220531-185606_Instagram.jpg\" alt=\"\" width=\"716\" height=\"335\" srcset=\"https:\/\/todoapulmon-rafaela.com\/wp-content\/uploads\/2022\/05\/Screenshot_20220531-185606_Instagram.jpg 716w, https:\/\/todoapulmon-rafaela.com\/wp-content\/uploads\/2022\/05\/Screenshot_20220531-185606_Instagram-300x140.jpg 300w\" sizes=\"(max-width: 716px) 100vw, 716px\" \/><\/p>\n<p>En la gira europea de fines de 2021 no participaron por distintas lesiones Mat\u00edas Alemanno, Rodrigo Bruni, Juan Cruz Mall\u00eda y Santiago Chocobares, pero ahora s\u00ed estar\u00e1n disponibles.<\/p>\n<p>La ventana internacional de julio de Los Pumas est\u00e1 dise\u00f1ada con tres duelos frente a Escocia, con el siguiente cronograma:<\/p>\n<p>S\u00e1bado 2 de julio\u00a0\u00a0\u00a0\u00a0\u00a0\u00a0\u00a0 Argentina vs Escocia, en Jujuy (kick-off 16:05hs)<\/p>\n<p>S\u00e1bado 9 de julio\u00a0\u00a0\u00a0\u00a0\u00a0\u00a0\u00a0 Argentina vs Escocia, en Salta (kick-off 16:05hs)<\/p>\n<p>S\u00e1bado 16 de julio\u00a0\u00a0\u00a0\u00a0 Argentina vs Escocia, en Santiago del Estero (kick-off 16:05hs)<\/p>\n<p>La lista de los 30 convocados para el plantel de Los Pumas, que tendr\u00e1 como capit\u00e1n a Juli\u00e1n Montoya, para participar de la serie de encuentros con los escoceses es la siguiente:<\/p>\n<p><strong>ALEMANNO<\/strong>, Mat\u00edas (73 caps)<\/p>\n<p><strong>BAZ\u00c1N V\u00c9LEZ<\/strong>, Lautaro\u00a0<em>(sin caps)<\/em><\/p>\n<p><strong>BOFFELLI<\/strong>, Emiliano (38 caps)<\/p>\n<p><strong>BRUNI<\/strong>, Rodrigo (14 caps)<\/p>\n<p><strong>CARRERAS<\/strong>, Santiago (19 caps)<\/p>\n<p><strong>CHOCOBARES<\/strong>, Santiago (11 caps)<\/p>\n<p><strong>CINTI<\/strong>, Lucio (7 caps)<\/p>\n<p><strong>CORDERO<\/strong>, Santiago (44 caps)<\/p>\n<p><strong>CREEVY<\/strong>, Agust\u00edn (89 caps)<\/p>\n<p><strong>CUBELLI<\/strong>, Tom\u00e1s (82 caps)<\/p>\n<p><strong>DE LA FUENTE<\/strong>, Jer\u00f3nimo (65 caps)<\/p>\n<p><strong>DELGUY<\/strong>, Bautista (22 caps)<\/p>\n<p><strong>GALLO<\/strong>, Thomas (4 caps)<\/p>\n<p><strong>GARC\u00cdA<\/strong>, Gonzalo (3 caps)<\/p>\n<p><strong>G\u00d3MEZ KODELA<\/strong>, Francisco (11 caps)<\/p>\n<p><strong>GONZ\u00c1LEZ<\/strong>, Juan Mart\u00edn (8 caps)<\/p>\n<p><strong>GRONDONA<\/strong>, Santiago (6 caps)<\/p>\n<p><strong>IMHOFF<\/strong>, Juan (37 caps)<\/p>\n<p><strong>ISA<\/strong>, Facundo (37 caps)<\/p>\n<p><strong>KREMER<\/strong>, Marcos (44 caps)<\/p>\n<p><strong>LAVANINI<\/strong>, Tom\u00e1s (68 caps)<\/p>\n<p><strong>MALL\u00cdA<\/strong>, Juan Cruz (13 caps)<\/p>\n<p><strong>MATERA<\/strong>, Pablo (80 caps)<\/p>\n<p><strong>MONTOYA<\/strong>, Juli\u00e1n (capit\u00e1n \u2013 75 caps)<\/p>\n<p><strong>ORLANDO<\/strong>, Mat\u00edas (47 caps)<\/p>\n<p><strong>PAULOS<\/strong>, Lucas (5 caps)<\/p>\n<p><strong>PETTI<\/strong>, Guido (66 caps)<\/p>\n<p><strong>RUIZ<\/strong>, Ignacio\u00a0<em>(sin caps)<\/em><\/p>\n<p><strong>S\u00c1NCHEZ<\/strong>, Nicol\u00e1s (93 caps)<\/p>\n<p><strong>SCLAVI<\/strong>, Joel\u00a0<em>(sin caps)<\/em><\/p>\n<p><strong>TETAZ CHAPARRO<\/strong>, Nahuel (67 caps)<\/p>\n<p><strong>URDAPILLETA<\/strong>, Benjam\u00edn (16 caps)<\/p>\n<p><strong>VIVAS<\/strong>, Mayco (12 caps).<\/p>\n<\/div>\n","protected":false},"excerpt":{"rendered":"<p>Michael Cheika anunci\u00f3 su primera lista de Los Pumas para la ventana de julio y dentro de su elecci\u00f3n est\u00e1<\/p>\n","protected":false},"author":2,"featured_media":31691,"comment_status":"open","ping_status":"open","sticky":false,"template":"","format":"standard","meta":{"footnotes":""},"categories":[24,2],"tags":[],"class_list":["post-31689","post","type-post","status-publish","format-standard","has-post-thumbnail","hentry","category-noticias-destacadas","category-rugby"],"cc_featured_image_caption":{"caption_text":"","source_text":"","source_url":""},"_links":{"self":[{"href":"https:\/\/todoapulmon-rafaela.com\/index.php\/wp-json\/wp\/v2\/posts\/31689"}],"collection":[{"href":"https:\/\/todoapulmon-rafaela.com\/index.php\/wp-json\/wp\/v2\/posts"}],"about":[{"href":"https:\/\/todoapulmon-rafaela.com\/index.php\/wp-json\/wp\/v2\/types\/post"}],"author":[{"embeddable":true,"href":"https:\/\/todoapulmon-rafaela.com\/index.php\/wp-json\/wp\/v2\/users\/2"}],"replies":[{"embeddable":true,"href":"https:\/\/todoapulmon-rafaela.com\/index.php\/wp-json\/wp\/v2\/comments?post=31689"}],"version-history":[{"count":2,"href":"https:\/\/todoapulmon-rafaela.com\/index.php\/wp-json\/wp\/v2\/posts\/31689\/revisions"}],"predecessor-version":[{"id":31693,"href":"https:\/\/todoapulmon-rafaela.com\/index.php\/wp-json\/wp\/v2\/posts\/31689\/revisions\/31693"}],"wp:featuredmedia":[{"embeddable":true,"href":"https:\/\/todoapulmon-rafaela.com\/index.php\/wp-json\/wp\/v2\/media\/31691"}],"wp:attachment":[{"href":"https:\/\/todoapulmon-rafaela.com\/index.php\/wp-json\/wp\/v2\/media?parent=31689"}],"wp:term":[{"taxonomy":"category","embeddable":true,"href":"https:\/\/todoapulmon-rafaela.com\/index.php\/wp-json\/wp\/v2\/categories?post=31689"},{"taxonomy":"post_tag","embeddable":true,"href":"https:\/\/todoapulmon-rafaela.com\/index.php\/wp-json\/wp\/v2\/tags?post=31689"}],"curies":[{"name":"wp","href":"https:\/\/api.w.org\/{rel}","templated":true}]}}