{"id":31518,"date":"2022-05-26T12:47:33","date_gmt":"2022-05-26T12:47:33","guid":{"rendered":"https:\/\/todoapulmon-rafaela.com\/?p=31518"},"modified":"2022-05-26T12:47:33","modified_gmt":"2022-05-26T12:47:33","slug":"comenzo-a-entrenar-la-preseleccion-u18-de-la-arb","status":"publish","type":"post","link":"https:\/\/todoapulmon-rafaela.com\/index.php\/2022\/05\/26\/comenzo-a-entrenar-la-preseleccion-u18-de-la-arb\/","title":{"rendered":"Comenz\u00f3 a entrenar la preselecci\u00f3n U18 de la ARB"},"content":{"rendered":"<p>El lunes de esta semana fue el primer entrenamiento, en el Coliseo del Sur, de la preselecci\u00f3n U18 masculina de la Asociaci\u00f3n Rafaelina de B\u00e1squetbol que se prepara para el Campeonato Provincial que se desarrollar\u00e1 los d\u00edas 18, 19 y 20 de junio, organizado por la Asociaci\u00f3n Noroeste. El mi\u00e9rcoles el plantel volvi\u00f3 a entrenar en Pe\u00f1arol y el domingo ser\u00e1 la tercera pr\u00e1ctica en 9 de Julio, de 9.30 a 12.15 horas.<\/p>\n<p>El cuerpo t\u00e9cnico tiene a Mat\u00edas Rojas como entrenador, Juan Ignacio Andornino como asistente y Diego Pacheco como preparador f\u00edsico.<\/p>\n<p>Los jugadores convocados son los siguientes:<\/p>\n<p><strong>Atl\u00e9tico de Rafaela:<\/strong> Francisco Cantalejo, Mateo Gribaudo y Gonzalo Vigo.<\/p>\n<p><strong>9 de Julio:<\/strong> Agust\u00edn Chiavassa, M\u00e1ximo Grana, Federico Bernasconi y Santiago Marconetti (U16).<br \/>\nIndependiente: Ignacio Zaffetti, Luigi Marelli, Gaspar Esp\u00edndola, Agust\u00edn Bertorello, Joaqu\u00edn Dusso, Lucas Burgener (U16) y Pablo Bussi (U16).<\/p>\n<p><strong>Libertad:<\/strong> Nicol\u00e1s Chiaraviglio, Mateo Ternavasio.<br \/>\n<strong>Uni\u00f3n:<\/strong> Santiago Echag\u00fce y Santiago Benitez.<\/p>\n<p><strong>Ben Hur:<\/strong> Franco Mohamed y Bruno Perassi.<\/p>\n<p><strong>Pe\u00f1arol:<\/strong> Valentino Dalmazzo, Nicol\u00e1s Pacheco (U16) y Jerem\u00edas Hoffmann (U16).<\/p>\n","protected":false},"excerpt":{"rendered":"<p>El lunes de esta semana fue el primer entrenamiento, en el Coliseo del Sur, de la preselecci\u00f3n U18 masculina de<\/p>\n","protected":false},"author":2,"featured_media":31519,"comment_status":"open","ping_status":"open","sticky":false,"template":"","format":"standard","meta":{"footnotes":""},"categories":[5,24],"tags":[],"class_list":["post-31518","post","type-post","status-publish","format-standard","has-post-thumbnail","hentry","category-basquet","category-noticias-destacadas"],"cc_featured_image_caption":{"caption_text":"Mat\u00edas Rojas y Juan Andornino trabajaron con varios chicos de esta camada ya el a\u00f1o pasado en U16.","source_text":"","source_url":""},"_links":{"self":[{"href":"https:\/\/todoapulmon-rafaela.com\/index.php\/wp-json\/wp\/v2\/posts\/31518"}],"collection":[{"href":"https:\/\/todoapulmon-rafaela.com\/index.php\/wp-json\/wp\/v2\/posts"}],"about":[{"href":"https:\/\/todoapulmon-rafaela.com\/index.php\/wp-json\/wp\/v2\/types\/post"}],"author":[{"embeddable":true,"href":"https:\/\/todoapulmon-rafaela.com\/index.php\/wp-json\/wp\/v2\/users\/2"}],"replies":[{"embeddable":true,"href":"https:\/\/todoapulmon-rafaela.com\/index.php\/wp-json\/wp\/v2\/comments?post=31518"}],"version-history":[{"count":1,"href":"https:\/\/todoapulmon-rafaela.com\/index.php\/wp-json\/wp\/v2\/posts\/31518\/revisions"}],"predecessor-version":[{"id":31520,"href":"https:\/\/todoapulmon-rafaela.com\/index.php\/wp-json\/wp\/v2\/posts\/31518\/revisions\/31520"}],"wp:featuredmedia":[{"embeddable":true,"href":"https:\/\/todoapulmon-rafaela.com\/index.php\/wp-json\/wp\/v2\/media\/31519"}],"wp:attachment":[{"href":"https:\/\/todoapulmon-rafaela.com\/index.php\/wp-json\/wp\/v2\/media?parent=31518"}],"wp:term":[{"taxonomy":"category","embeddable":true,"href":"https:\/\/todoapulmon-rafaela.com\/index.php\/wp-json\/wp\/v2\/categories?post=31518"},{"taxonomy":"post_tag","embeddable":true,"href":"https:\/\/todoapulmon-rafaela.com\/index.php\/wp-json\/wp\/v2\/tags?post=31518"}],"curies":[{"name":"wp","href":"https:\/\/api.w.org\/{rel}","templated":true}]}}