{"id":31484,"date":"2022-05-24T11:15:34","date_gmt":"2022-05-24T11:15:34","guid":{"rendered":"https:\/\/todoapulmon-rafaela.com\/?p=31484"},"modified":"2022-05-24T11:46:59","modified_gmt":"2022-05-24T11:46:59","slug":"almagro-jugo-la-copa-de-oro-en-el-abierto-de-san-carlos","status":"publish","type":"post","link":"https:\/\/todoapulmon-rafaela.com\/index.php\/2022\/05\/24\/almagro-jugo-la-copa-de-oro-en-el-abierto-de-san-carlos\/","title":{"rendered":"Almagro jug\u00f3 la Copa de Oro en el Torneo de San Carlos"},"content":{"rendered":"<div>\n<div>Valiosa experiencia y excelentes resultados para el Sub 14 de Almagro que particip\u00f3 del torneo Nacional \u00abSabalito\u00bb, organizado por Central San Carlos el pasado fin de semana.<\/div>\n<div>Desde el viernes 20 hasta el domingo 22 fue la competencia, iniciando la fase clasificatoria en la Subsede en Esperanza y terminando en San Carlos, este equipo fue superando cada instancia y clasific\u00f3 para la Copa de Oro.<\/div>\n<div>Luego del triangular del d\u00eda domingo, que dio el pase a las definiciones en San Carlos, el equipo de las Cachorras cay\u00f3 ante el que finalmente ser\u00eda campe\u00f3n del torneo, Sokol de Chaco.<\/div>\n<div>De esta manera, Almagro qued\u00f3 posicionado dentro de los mejores 16 equipos de los 69 que tomaron parte<\/div>\n<div>del torneo.<\/div>\n<div>En el parte de prensa del voley de Almagro se destaca el agradecimiento a la subcomisi\u00f3n, padres y a todo el Voley de la instituci\u00f3n por todo el acompa\u00f1amiento recibido.<\/div>\n<\/div>\n<div><\/div>\n<div>LOCALIA PARA EL TOP DEL SUB 16<\/div>\n<div>\n<div><\/div>\n<div id=\"m_4879364380237807336geom_inter_1653358401457_10_12\">Se llev\u00f3 a cabo el s\u00e1bado el 3er Grand Prix de Sub 16 de la Asociaci\u00f3n Rafaelina de Voley en Vila y Almagro sigue liderando la punta de la tabla. El equipo A volvi\u00f3 a lograr el primer puesto y con esto definir\u00e1 de local en el Top que determinar\u00e1 el campe\u00f3n del Apertura. Tambi\u00e9n tuvieron meritorias performances los representativos B y C.<\/div>\n<\/div>\n<div><\/div>\n<div><img loading=\"lazy\" decoding=\"async\" class=\"alignnone size-full wp-image-31486\" src=\"https:\/\/todoapulmon-rafaela.com\/wp-content\/uploads\/2022\/05\/IMG-20220523-WA0087.jpg\" alt=\"\" width=\"1080\" height=\"1080\" srcset=\"https:\/\/todoapulmon-rafaela.com\/wp-content\/uploads\/2022\/05\/IMG-20220523-WA0087.jpg 1080w, https:\/\/todoapulmon-rafaela.com\/wp-content\/uploads\/2022\/05\/IMG-20220523-WA0087-300x300.jpg 300w, https:\/\/todoapulmon-rafaela.com\/wp-content\/uploads\/2022\/05\/IMG-20220523-WA0087-150x150.jpg 150w\" sizes=\"(max-width: 1080px) 100vw, 1080px\" \/><\/div>\n<div>\n<div>Por otra parte, 91 peque\u00f1itos viajaron a Sunchales a disfrutar de una jornada de mucho voley y diversi\u00f3n para un nuevo encuentro. La Azul y Amarilla colm\u00f3 las instalaciones de Libertad, con un gran acompa\u00f1amiento de todas las familias.<\/div>\n<\/div>\n","protected":false},"excerpt":{"rendered":"<p>Valiosa experiencia y excelentes resultados para el Sub 14 de Almagro que particip\u00f3 del torneo Nacional \u00abSabalito\u00bb, organizado por Central<\/p>\n","protected":false},"author":2,"featured_media":31485,"comment_status":"open","ping_status":"open","sticky":false,"template":"","format":"standard","meta":{"footnotes":""},"categories":[24,16],"tags":[],"class_list":["post-31484","post","type-post","status-publish","format-standard","has-post-thumbnail","hentry","category-noticias-destacadas","category-voley"],"cc_featured_image_caption":{"caption_text":"FOTO PRENSA VOLEY ALMAGRO","source_text":"","source_url":""},"_links":{"self":[{"href":"https:\/\/todoapulmon-rafaela.com\/index.php\/wp-json\/wp\/v2\/posts\/31484"}],"collection":[{"href":"https:\/\/todoapulmon-rafaela.com\/index.php\/wp-json\/wp\/v2\/posts"}],"about":[{"href":"https:\/\/todoapulmon-rafaela.com\/index.php\/wp-json\/wp\/v2\/types\/post"}],"author":[{"embeddable":true,"href":"https:\/\/todoapulmon-rafaela.com\/index.php\/wp-json\/wp\/v2\/users\/2"}],"replies":[{"embeddable":true,"href":"https:\/\/todoapulmon-rafaela.com\/index.php\/wp-json\/wp\/v2\/comments?post=31484"}],"version-history":[{"count":4,"href":"https:\/\/todoapulmon-rafaela.com\/index.php\/wp-json\/wp\/v2\/posts\/31484\/revisions"}],"predecessor-version":[{"id":31493,"href":"https:\/\/todoapulmon-rafaela.com\/index.php\/wp-json\/wp\/v2\/posts\/31484\/revisions\/31493"}],"wp:featuredmedia":[{"embeddable":true,"href":"https:\/\/todoapulmon-rafaela.com\/index.php\/wp-json\/wp\/v2\/media\/31485"}],"wp:attachment":[{"href":"https:\/\/todoapulmon-rafaela.com\/index.php\/wp-json\/wp\/v2\/media?parent=31484"}],"wp:term":[{"taxonomy":"category","embeddable":true,"href":"https:\/\/todoapulmon-rafaela.com\/index.php\/wp-json\/wp\/v2\/categories?post=31484"},{"taxonomy":"post_tag","embeddable":true,"href":"https:\/\/todoapulmon-rafaela.com\/index.php\/wp-json\/wp\/v2\/tags?post=31484"}],"curies":[{"name":"wp","href":"https:\/\/api.w.org\/{rel}","templated":true}]}}