{"id":3137,"date":"2016-10-17T16:41:01","date_gmt":"2016-10-17T16:41:01","guid":{"rendered":"http:\/\/todoapulmon-rafaela.com\/?p=3137"},"modified":"2016-10-18T01:45:36","modified_gmt":"2016-10-18T01:45:36","slug":"sofia-vivas-en-una-nueva-etapa-de-nuestro-tenis","status":"publish","type":"post","link":"https:\/\/todoapulmon-rafaela.com\/index.php\/2016\/10\/17\/sofia-vivas-en-una-nueva-etapa-de-nuestro-tenis\/","title":{"rendered":"Sof\u00eda Vivas en una nueva etapa de \u00abNuestro Tenis\u00bb"},"content":{"rendered":"<p>La semana anterior se realiz\u00f3 en Buenos Aires una nueva evaluaci\u00f3n del programa \u00abNuestro Tenis\u00bb, a cargo de Guillermo Coria. Con el respaldo de la Secretar\u00eda de Deporte de la Naci\u00f3n, en las distintas etapas de este proyecto fueron observados 371\u00a0menores en todo en el pa\u00eds y quedaron 40 chicos (20 nenas y 20 varones) para seguir con el desarrollo del citado programa de j\u00f3venes talentos.<\/p>\n<p>Una de las jugadoras que super\u00f3 estos filtros iniciales es la rafaelina Sof\u00eda Vivas, que form\u00f3 parte de estos exigentes trabajos realizados con una gran organizaci\u00f3n y profesionalismo, apuntando al futuro del tenis argentino, con la importancia del respaldo estatal para su impulso.<\/p>\n<p>Recordemos que dicho programa fue presentado en marzo y en su implementaci\u00f3n el pa\u00eds se dividi\u00f3 en diez regiones a las que viaj\u00f3 Coria junto al grupo de Desarrollo de la Asociaci\u00f3n Argentina de Tenis.<\/p>\n<p>Sin dudas, se trata de una feliz noticia para Sof\u00eda, su familia, entrenadores (Mariano Fava y Rodrigo Fumero) y un espaldarazo importante para seguir mejorando de cara a las nuevas convocatorias que ser\u00e1n en los pr\u00f3ximos meses.<\/p>\n<p>&nbsp;<\/p>\n","protected":false},"excerpt":{"rendered":"<p>La semana anterior se realiz\u00f3 en Buenos Aires una nueva evaluaci\u00f3n del programa \u00abNuestro Tenis\u00bb, a cargo de Guillermo Coria.<\/p>\n","protected":false},"author":2,"featured_media":3139,"comment_status":"open","ping_status":"open","sticky":false,"template":"","format":"standard","meta":{"footnotes":""},"categories":[24,6],"tags":[],"class_list":["post-3137","post","type-post","status-publish","format-standard","has-post-thumbnail","hentry","category-noticias-destacadas","category-tenis"],"cc_featured_image_caption":{"caption_text":"El Mago Coria junto a los chicos que participaron en el CENARD de la evaluaci\u00f3n (foto Secretar\u00eda de Deportes de la Naci\u00f3n).","source_text":"","source_url":""},"_links":{"self":[{"href":"https:\/\/todoapulmon-rafaela.com\/index.php\/wp-json\/wp\/v2\/posts\/3137"}],"collection":[{"href":"https:\/\/todoapulmon-rafaela.com\/index.php\/wp-json\/wp\/v2\/posts"}],"about":[{"href":"https:\/\/todoapulmon-rafaela.com\/index.php\/wp-json\/wp\/v2\/types\/post"}],"author":[{"embeddable":true,"href":"https:\/\/todoapulmon-rafaela.com\/index.php\/wp-json\/wp\/v2\/users\/2"}],"replies":[{"embeddable":true,"href":"https:\/\/todoapulmon-rafaela.com\/index.php\/wp-json\/wp\/v2\/comments?post=3137"}],"version-history":[{"count":2,"href":"https:\/\/todoapulmon-rafaela.com\/index.php\/wp-json\/wp\/v2\/posts\/3137\/revisions"}],"predecessor-version":[{"id":3147,"href":"https:\/\/todoapulmon-rafaela.com\/index.php\/wp-json\/wp\/v2\/posts\/3137\/revisions\/3147"}],"wp:featuredmedia":[{"embeddable":true,"href":"https:\/\/todoapulmon-rafaela.com\/index.php\/wp-json\/wp\/v2\/media\/3139"}],"wp:attachment":[{"href":"https:\/\/todoapulmon-rafaela.com\/index.php\/wp-json\/wp\/v2\/media?parent=3137"}],"wp:term":[{"taxonomy":"category","embeddable":true,"href":"https:\/\/todoapulmon-rafaela.com\/index.php\/wp-json\/wp\/v2\/categories?post=3137"},{"taxonomy":"post_tag","embeddable":true,"href":"https:\/\/todoapulmon-rafaela.com\/index.php\/wp-json\/wp\/v2\/tags?post=3137"}],"curies":[{"name":"wp","href":"https:\/\/api.w.org\/{rel}","templated":true}]}}