{"id":31369,"date":"2022-05-18T17:18:09","date_gmt":"2022-05-18T17:18:09","guid":{"rendered":"https:\/\/todoapulmon-rafaela.com\/?p=31369"},"modified":"2022-05-18T17:18:57","modified_gmt":"2022-05-18T17:18:57","slug":"meli-gretter-visito-penarol-y-brindo-una-charla","status":"publish","type":"post","link":"https:\/\/todoapulmon-rafaela.com\/index.php\/2022\/05\/18\/meli-gretter-visito-penarol-y-brindo-una-charla\/","title":{"rendered":"Meli Gretter visit\u00f3 Pe\u00f1arol y brind\u00f3 una charla"},"content":{"rendered":"<p>No fue una pr\u00e1ctica m\u00e1s la del martes en la tardecita en el b\u00e1squet del Club Pe\u00f1arol. La entidad de barrio Villa Rosas tuvo la visita de Melisa Gretter, que est\u00e1 pasando unos d\u00edas de descanso en nuestra ciudad luego de haber culminado la temporada en Estudiantes de Madrid.<br \/>\nLa jugadora de la selecci\u00f3n argentina, que tuvo sus or\u00edgenes en este deporte en el basquet pe\u00f1arolense, brind\u00f3 una charla a los ni\u00f1os y ni\u00f1as de Pre Mini y Nene B\u00e1squet. Cabe recordar que uno de los actuales entrenadores de las categor\u00edas menores de Pe\u00f1arol es Sebasti\u00e1n Lorenzetti, quien fuera entrenador de Meli en su paso por Ben Hur.<br \/>\n\u00abGracias Meli por siempre acordarte y volver al club y por sobre todo estar presente con los ni\u00f1os que est\u00e1n comenzando en el deporte\u00bb, agradeci\u00f3 el Club de la V azulada en sus redes sociales.<\/p>\n<p><img loading=\"lazy\" decoding=\"async\" class=\"alignnone size-full wp-image-31371\" src=\"https:\/\/todoapulmon-rafaela.com\/wp-content\/uploads\/2022\/05\/Meli-en-Penaol1.jpg\" alt=\"\" width=\"1036\" height=\"756\" srcset=\"https:\/\/todoapulmon-rafaela.com\/wp-content\/uploads\/2022\/05\/Meli-en-Penaol1.jpg 1036w, https:\/\/todoapulmon-rafaela.com\/wp-content\/uploads\/2022\/05\/Meli-en-Penaol1-300x219.jpg 300w\" sizes=\"(max-width: 1036px) 100vw, 1036px\" \/><\/p>\n<p>CONTINUARA EN ESPA\u00d1A<\/p>\n<p>La talentosa jugadora rafaelina seguir\u00e1 jugando la venidera temporada en el equipo madrile\u00f1o. \u00abMelisa Gretter es la primera pieza confirmada para la temporada 2022-23 de las \u00abwomen in black\u00bb de Movistar Estudiantes. Gretter cumplir\u00e1 as\u00ed los dos a\u00f1os de contrato que firm\u00f3 en su renovaci\u00f3n la pasada campa\u00f1a\u00bb, confirm\u00f3 d\u00edas pasados el club espa\u00f1ol, reconociendo que ha sido uno de los pilares de las \u00faltimas dos buenas temporadas en Liga Femenina Endesa.<br \/>\nUn dato fundamental es que \u00abno se ha perdido ni uno de los partidos en estas dos temporadas, hilando un total de 74 partidos consecutivos entre Liga Femenina Endesa, Copa de la Reina, playoffs y Eurocup Women. Esta temporada ha sido la segunda jugadora de la liga con m\u00e1s minutos: 33:42 por partido. Y esta temporada ha sido la jugadora m\u00e1s valorada de Movistar Estudiantes, con una media de 13.5 de valoraci\u00f3n\u00bb.<\/p>\n","protected":false},"excerpt":{"rendered":"<p>No fue una pr\u00e1ctica m\u00e1s la del martes en la tardecita en el b\u00e1squet del Club Pe\u00f1arol. La entidad de<\/p>\n","protected":false},"author":2,"featured_media":31370,"comment_status":"open","ping_status":"open","sticky":false,"template":"","format":"standard","meta":{"footnotes":""},"categories":[5,24],"tags":[],"class_list":["post-31369","post","type-post","status-publish","format-standard","has-post-thumbnail","hentry","category-basquet","category-noticias-destacadas"],"cc_featured_image_caption":{"caption_text":"FOTO PRENSA CLUB PE\u00d1AROL","source_text":"","source_url":""},"_links":{"self":[{"href":"https:\/\/todoapulmon-rafaela.com\/index.php\/wp-json\/wp\/v2\/posts\/31369"}],"collection":[{"href":"https:\/\/todoapulmon-rafaela.com\/index.php\/wp-json\/wp\/v2\/posts"}],"about":[{"href":"https:\/\/todoapulmon-rafaela.com\/index.php\/wp-json\/wp\/v2\/types\/post"}],"author":[{"embeddable":true,"href":"https:\/\/todoapulmon-rafaela.com\/index.php\/wp-json\/wp\/v2\/users\/2"}],"replies":[{"embeddable":true,"href":"https:\/\/todoapulmon-rafaela.com\/index.php\/wp-json\/wp\/v2\/comments?post=31369"}],"version-history":[{"count":1,"href":"https:\/\/todoapulmon-rafaela.com\/index.php\/wp-json\/wp\/v2\/posts\/31369\/revisions"}],"predecessor-version":[{"id":31372,"href":"https:\/\/todoapulmon-rafaela.com\/index.php\/wp-json\/wp\/v2\/posts\/31369\/revisions\/31372"}],"wp:featuredmedia":[{"embeddable":true,"href":"https:\/\/todoapulmon-rafaela.com\/index.php\/wp-json\/wp\/v2\/media\/31370"}],"wp:attachment":[{"href":"https:\/\/todoapulmon-rafaela.com\/index.php\/wp-json\/wp\/v2\/media?parent=31369"}],"wp:term":[{"taxonomy":"category","embeddable":true,"href":"https:\/\/todoapulmon-rafaela.com\/index.php\/wp-json\/wp\/v2\/categories?post=31369"},{"taxonomy":"post_tag","embeddable":true,"href":"https:\/\/todoapulmon-rafaela.com\/index.php\/wp-json\/wp\/v2\/tags?post=31369"}],"curies":[{"name":"wp","href":"https:\/\/api.w.org\/{rel}","templated":true}]}}