{"id":31352,"date":"2022-05-17T20:26:19","date_gmt":"2022-05-17T20:26:19","guid":{"rendered":"https:\/\/todoapulmon-rafaela.com\/?p=31352"},"modified":"2022-05-17T20:32:22","modified_gmt":"2022-05-17T20:32:22","slug":"delfina-gentinetta-entre-las-22-convocadas-del-preseleccionado-u18-femenino","status":"publish","type":"post","link":"https:\/\/todoapulmon-rafaela.com\/index.php\/2022\/05\/17\/delfina-gentinetta-entre-las-22-convocadas-del-preseleccionado-u18-femenino\/","title":{"rendered":"Delfina Gentinetta entre las 22 convocadas del preseleccionado U18 femenino"},"content":{"rendered":"<div class=\"itemBody\">\n<p>Comienza la preparaci\u00f3n de cara al FIBA Am\u00e9ricas U18 femenino. Con la expectativa de volver a vivir a la Selecci\u00f3n en nuestro pa\u00eds, Argentina arrancar\u00e1 a entrenarse el pr\u00f3ximo 23 de mayo rumbo al Premundial que se realizar\u00e1 en Buenos Aires, precisamente en el estadio de Obras, del 13 al 19 de junio.<\/p>\n<p>Con una n\u00f3mina de 22 jugadoras, el seleccionado femenino trabajar\u00e1 en CeNARD a partir del pr\u00f3ximo lunes. En la lista de la DT Sandra Pav\u00f3n se repiten 11 de las 12 jugadoras que fueron parte del plantel subcampe\u00f3n del Sudamericano de la categor\u00eda que se desarroll\u00f3 a principios de abril, completando la convocatoria con jugadoras que ya fueron parte del proceso y que estuvieron presentes en la concentraci\u00f3n masiva que se desarroll\u00f3 en los meses de enero y febrero.<\/p>\n<\/div>\n<div class=\"itemBody\">\n<p>Entre ellas est\u00e1 la rafaelina Delfina Gentinetta, que hab\u00eda quedado fuera del Sudamericano en el \u00faltimo corte. Actualmente Delfi se encuentra disputando la Liga Federal con Berazategui (en el \u00faltimo partido perdieron ante Pe\u00f1arol de Mar del Plata 63 a 61, con 10 puntos y 8 rebotes de la ex Ben Hur).<\/p>\n<p>Adem\u00e1s, se mantiene la sunchalense Lara Tribouley, que milita en Obras y fue parte del Sudamericano.<\/p>\n<p>Como novedades a destacar, se sumar\u00e1n al seleccionado jugadoras como Gianella Espedale, que finaliz\u00f3 su temporada en el b\u00e1squet italiano con Mercede Alghero en la Serie B, y Ema Baldo, que viene de jugar en la liga espa\u00f1ola con paso por Gran Canaria y Valencia en esta 2021\/22. Adem\u00e1s, una de las buenas noticias es la recuperaci\u00f3n de Natassja Kolff, rehabilitada de la lesi\u00f3n que sufri\u00f3 en la preparaci\u00f3n para el Sudamericano.<\/p>\n<p>Recordemos que Argentina qued\u00f3 encuadrada en el Grupo A del Premundial U18, en el sorteo que se desarroll\u00f3 ayer en la oficina regional de FIBA en Miami. Compartir\u00e1 zona con Canad\u00e1, Brasil y M\u00e9xico. La Selecci\u00f3n buscar\u00e1 en el torneo los cuatro boletos en juego rumbo al Mundial U19 del a\u00f1o pr\u00f3ximo.<\/p>\n<p><strong><em>Preselecci\u00f3n Argentina U18<\/em><\/strong><\/p>\n<p>Julia Fern\u00e1ndez | 1.82 | 14-ago-04 | Asociaci\u00f3n Espa\u00f1ola de San Vicente<br \/>\nAngelina Giacone | 1.82 | 15-sept-05 | AtleticoTalleres RPB<br \/>\nNerea Lagowski | 1.95 | 9-ago-06 | AtleticoTalleres RPB<br \/>\nVioleta Maggi | 1.85 | 29-may-04 | Harrods Gath y Chavez<br \/>\nMalena Maggi | 1.86 | 24-oct-06 | Harrods Gath y Chavez<br \/>\nLara Tribouley | 1.81 | 2-ene-04 | Obras Sanitarias<br \/>\nLuc\u00eda Moravansky | 1.72 | 15-sept-04 | V\u00e9lez Sarsfield<br \/>\nJuana Amaya | 1.63 | 8-sept-05 | Harrods Gath y Chavez<br \/>\nAlma Bourgarel | 1.70 | 8-nov-06 | Obras Sanitarias<br \/>\nNicole Tapari | 1.72 | 30-ene-04 | Obras Sanitarias<br \/>\nDagmar Hentschel | 1.70 | 2-feb-05 | Obras Sanitarias<br \/>\nNatassja Kolff | 1.87 | 16-sept-04 | Baloncesto Islas Canarias (Espa\u00f1a)<br \/>\nJulia Bosque | 1.81 | 3-ene-06 | Asociacion Deportiva Centenario<br \/>\n<strong>Delfina Gentinetta | 1.77 | 3-jun-04 | Deportivo Berazategui<\/strong><br \/>\nVictoria Fontana | 1.74 | 7-mar-05 | V\u00e9lez Sarsfield<br \/>\nLara Lencina | 1.80 | 31-dic-04 | Escuela Municipal de Cipolletti<br \/>\nStephanie Smidt Falter | 1.69 | 3-ago-06 | V\u00e9lez Sarsfield<br \/>\nJuana Barrionuevo | 1.63 | 24-ene-07 | Pe\u00f1arol de Mar del Plata<br \/>\nGianella Espedale | 1.65 | 13-ago-05 | Mercede Basket Alghero (Italia)<br \/>\nEma Baldo | 1.90 | 14-oct-06 | Valencia Basket Club (Espa\u00f1a)<br \/>\nClara Monta\u00f1ana | 1.68 | 6-abr-05 | Tom\u00e1s de Rocamora<br \/>\nLuz And\u00fajar | 1.73 | 16-jul-05 | Wilde Sporting.<\/p>\n<\/div>\n<div class=\"gridPhotoGallery-container\">\n<div class=\"gridPhotoGallery mfp-gallery misc gridPhotoGallery--ratio-square gridPhotoGallery--cols-4\" data-cols=\"4\">\n<div class=\"gridPhotoGallery__item gridPhotoGallery__item--sizer\">Fuente: prensa CAB.<\/div>\n<div class=\"gridPhotoGallery__item gridPhotoGalleryItem--w2\">\n<div class=\"gridPhotoGallery__img\"><\/div>\n<\/div>\n<div class=\"gridPhotoGallery__item gridPhotoGalleryItem--w1\">\n<div class=\"gridPhotoGallery__img\"><\/div>\n<\/div>\n<div class=\"gridPhotoGallery__item gridPhotoGalleryItem--w1\">\n<div class=\"gridPhotoGallery__img\"><\/div>\n<\/div>\n<\/div>\n<\/div>\n<div class=\"clear mb-40\"><\/div>\n<div class=\"itemTagsBlock\"><\/div>\n","protected":false},"excerpt":{"rendered":"<p>Comienza la preparaci\u00f3n de cara al FIBA Am\u00e9ricas U18 femenino. Con la expectativa de volver a vivir a la Selecci\u00f3n<\/p>\n","protected":false},"author":2,"featured_media":31354,"comment_status":"open","ping_status":"open","sticky":false,"template":"","format":"standard","meta":{"footnotes":""},"categories":[5,24],"tags":[],"class_list":["post-31352","post","type-post","status-publish","format-standard","has-post-thumbnail","hentry","category-basquet","category-noticias-destacadas"],"cc_featured_image_caption":{"caption_text":"FOTO PRENSA CAB","source_text":"","source_url":""},"_links":{"self":[{"href":"https:\/\/todoapulmon-rafaela.com\/index.php\/wp-json\/wp\/v2\/posts\/31352"}],"collection":[{"href":"https:\/\/todoapulmon-rafaela.com\/index.php\/wp-json\/wp\/v2\/posts"}],"about":[{"href":"https:\/\/todoapulmon-rafaela.com\/index.php\/wp-json\/wp\/v2\/types\/post"}],"author":[{"embeddable":true,"href":"https:\/\/todoapulmon-rafaela.com\/index.php\/wp-json\/wp\/v2\/users\/2"}],"replies":[{"embeddable":true,"href":"https:\/\/todoapulmon-rafaela.com\/index.php\/wp-json\/wp\/v2\/comments?post=31352"}],"version-history":[{"count":4,"href":"https:\/\/todoapulmon-rafaela.com\/index.php\/wp-json\/wp\/v2\/posts\/31352\/revisions"}],"predecessor-version":[{"id":31357,"href":"https:\/\/todoapulmon-rafaela.com\/index.php\/wp-json\/wp\/v2\/posts\/31352\/revisions\/31357"}],"wp:featuredmedia":[{"embeddable":true,"href":"https:\/\/todoapulmon-rafaela.com\/index.php\/wp-json\/wp\/v2\/media\/31354"}],"wp:attachment":[{"href":"https:\/\/todoapulmon-rafaela.com\/index.php\/wp-json\/wp\/v2\/media?parent=31352"}],"wp:term":[{"taxonomy":"category","embeddable":true,"href":"https:\/\/todoapulmon-rafaela.com\/index.php\/wp-json\/wp\/v2\/categories?post=31352"},{"taxonomy":"post_tag","embeddable":true,"href":"https:\/\/todoapulmon-rafaela.com\/index.php\/wp-json\/wp\/v2\/tags?post=31352"}],"curies":[{"name":"wp","href":"https:\/\/api.w.org\/{rel}","templated":true}]}}