{"id":31335,"date":"2022-05-17T12:32:34","date_gmt":"2022-05-17T12:32:34","guid":{"rendered":"https:\/\/todoapulmon-rafaela.com\/?p=31335"},"modified":"2022-05-17T12:34:04","modified_gmt":"2022-05-17T12:34:04","slug":"destacada-participacion-de-arqueros-del-tiro-federal-en-oro-verde","status":"publish","type":"post","link":"https:\/\/todoapulmon-rafaela.com\/index.php\/2022\/05\/17\/destacada-participacion-de-arqueros-del-tiro-federal-en-oro-verde\/","title":{"rendered":"Destacada participaci\u00f3n de arqueros del Tiro Federal en Oro Verde"},"content":{"rendered":"<p>En sus primeros pasos en competencias federadas, el Tiro con Arco del Tiro Federal Argentino de Rafaela cosech\u00f3 importantes resultados el pasado domingo en Entre R\u00edos. Fue en el torneo rankeable de aire libre realizado en Oro Verde, el cual cont\u00f3 con 171 inscriptos de distintas provincias en diferentes modalidades, y que se realiz\u00f3 bajo el reglamento Word Archery y Normas FATARCO 2022.<br \/>\nEn un contexto clim\u00e1tico que, especialmente en las primeras horas no fue el ideal para los arqueros, aunque luego fue mejorando, participaron ocho representantes del Tiro Federal de nuestra ciudad en las disciplinas Arco Recurvo Ol\u00edmpico, Arco Recurvo Raso y Arco compuesto Senior.<br \/>\nDentro de la destacada performance del equipo a cargo del instructor Mart\u00edn R\u00e9 (tambi\u00e9n concursante), cabe mencionar el desempe\u00f1o de Mateo Llodr\u00e1 (10 a\u00f1os), que obtuvo el segundo puesto en Arco Recurvo Ol\u00edmpico escuela, haci\u00e9ndose con la medalla plateada.<\/p>\n<p><img loading=\"lazy\" decoding=\"async\" class=\"alignnone size-full wp-image-31337\" src=\"https:\/\/todoapulmon-rafaela.com\/wp-content\/uploads\/2022\/05\/Mateo-Llodra.jpg\" alt=\"\" width=\"899\" height=\"1599\" srcset=\"https:\/\/todoapulmon-rafaela.com\/wp-content\/uploads\/2022\/05\/Mateo-Llodra.jpg 899w, https:\/\/todoapulmon-rafaela.com\/wp-content\/uploads\/2022\/05\/Mateo-Llodra-169x300.jpg 169w, https:\/\/todoapulmon-rafaela.com\/wp-content\/uploads\/2022\/05\/Mateo-Llodra-843x1500.jpg 843w, https:\/\/todoapulmon-rafaela.com\/wp-content\/uploads\/2022\/05\/Mateo-Llodra-864x1536.jpg 864w\" sizes=\"(max-width: 899px) 100vw, 899px\" \/><br \/>\nAdem\u00e1s, fueron auspiciosas las participaciones de Jezabel Bianchotti, Sonia Franzotti, Javier Sandoval, Emiliano Rocco, en Arco Recurvo Raso; de Lorenzo Porta y Joaqu\u00edn Gandolfo, quienes participaron por primera vez en un torneo federado.<\/p>\n","protected":false},"excerpt":{"rendered":"<p>En sus primeros pasos en competencias federadas, el Tiro con Arco del Tiro Federal Argentino de Rafaela cosech\u00f3 importantes resultados<\/p>\n","protected":false},"author":2,"featured_media":31339,"comment_status":"open","ping_status":"open","sticky":false,"template":"","format":"standard","meta":{"footnotes":""},"categories":[24,19],"tags":[],"class_list":["post-31335","post","type-post","status-publish","format-standard","has-post-thumbnail","hentry","category-noticias-destacadas","category-tiro"],"cc_featured_image_caption":{"caption_text":"La delegaci\u00f3n de arqueros del TF Rafaela en Oro Verde (foto facebook Tiro Federal de Rafaela).","source_text":"","source_url":""},"_links":{"self":[{"href":"https:\/\/todoapulmon-rafaela.com\/index.php\/wp-json\/wp\/v2\/posts\/31335"}],"collection":[{"href":"https:\/\/todoapulmon-rafaela.com\/index.php\/wp-json\/wp\/v2\/posts"}],"about":[{"href":"https:\/\/todoapulmon-rafaela.com\/index.php\/wp-json\/wp\/v2\/types\/post"}],"author":[{"embeddable":true,"href":"https:\/\/todoapulmon-rafaela.com\/index.php\/wp-json\/wp\/v2\/users\/2"}],"replies":[{"embeddable":true,"href":"https:\/\/todoapulmon-rafaela.com\/index.php\/wp-json\/wp\/v2\/comments?post=31335"}],"version-history":[{"count":1,"href":"https:\/\/todoapulmon-rafaela.com\/index.php\/wp-json\/wp\/v2\/posts\/31335\/revisions"}],"predecessor-version":[{"id":31338,"href":"https:\/\/todoapulmon-rafaela.com\/index.php\/wp-json\/wp\/v2\/posts\/31335\/revisions\/31338"}],"wp:featuredmedia":[{"embeddable":true,"href":"https:\/\/todoapulmon-rafaela.com\/index.php\/wp-json\/wp\/v2\/media\/31339"}],"wp:attachment":[{"href":"https:\/\/todoapulmon-rafaela.com\/index.php\/wp-json\/wp\/v2\/media?parent=31335"}],"wp:term":[{"taxonomy":"category","embeddable":true,"href":"https:\/\/todoapulmon-rafaela.com\/index.php\/wp-json\/wp\/v2\/categories?post=31335"},{"taxonomy":"post_tag","embeddable":true,"href":"https:\/\/todoapulmon-rafaela.com\/index.php\/wp-json\/wp\/v2\/tags?post=31335"}],"curies":[{"name":"wp","href":"https:\/\/api.w.org\/{rel}","templated":true}]}}