{"id":31322,"date":"2022-05-16T16:55:41","date_gmt":"2022-05-16T16:55:41","guid":{"rendered":"https:\/\/todoapulmon-rafaela.com\/?p=31322"},"modified":"2022-05-16T16:55:41","modified_gmt":"2022-05-16T16:55:41","slug":"la-semana-del-automovilismo-se-presento-en-rafaela","status":"publish","type":"post","link":"https:\/\/todoapulmon-rafaela.com\/index.php\/2022\/05\/16\/la-semana-del-automovilismo-se-presento-en-rafaela\/","title":{"rendered":"\u201cLa Semana del Automovilismo\u201d se present\u00f3 en Rafaela"},"content":{"rendered":"<div>Este lunes, en las instalaciones del Aut\u00f3dromo \u201cCiudad de Rafaela\u201d, se llev\u00f3 a cabo la presentaci\u00f3n de \u00abLa Semana del Automovilismo\u00bb en Rafaela.<\/div>\n<div><\/div>\n<div>Fue en el marco de una conferencia de prensa que cont\u00f3 con la presencia del intendente Luis Castellano; el subsecretario de Planificaci\u00f3n, Promoci\u00f3n y Marketing, Gabriel Kovacevich; el presidente del Club Atl\u00e9tico de Rafaela, Silvio Fontanini; y el presidente la Subcomisi\u00f3n de Automovilismo de Atl\u00e9tico, Adri\u00e1n Sanmartino.<\/div>\n<div><\/div>\n<div>\u00abLa Semana del Automovilismo\u00bb se desarrollar\u00e1 desde el 20 hasta el 29 de mayo con espect\u00e1culos musicales; ferias; gastronom\u00eda; una celebraci\u00f3n especial en donde se conmemorar\u00e1 el 212.\u00b0 aniversario de la Revoluci\u00f3n de Mayo; exposiciones de veh\u00edculos; charlas y cl\u00ednicas de conducci\u00f3n; competencia de autos antiguos, utilizando el primer circuito de carrera de la ciudad; y finalmente, la competencia oficial del Turismo de Carretera.<\/div>\n<div><\/div>\n<div>\u201cVA A SER UNA HERMOSA SEMANA\u201d<\/div>\n<div><\/div>\n<div>\u201cRafaela se viste de fiesta para el Turismo Carretera dentro de lo que es nuestro calendario de eventos anuales\u201d dijo Luis Castellano.<\/div>\n<div><\/div>\n<div>El Intendente destac\u00f3 que \u201cvamos posicionando a la ciudad tur\u00edsticamente con los diferentes eventos y esta vez el Turismo Carretera, que es uno de los m\u00e1s importantes del a\u00f1o, lo ampliamos a la Semana del Automovilismo\u201d.<\/div>\n<div><\/div>\n<div>Castellano cont\u00f3 que \u201chabr\u00e1 propuestas desde el 20 al 29 de mayo para los rafaelinos, rafaelinas y quienes vengan a ver el TC. Tambi\u00e9n tendremos actividades dentro del Aut\u00f3dromo \u201cCiudad de Rafaela\u201d y fuera de \u00e9l, en la ciudad\u201d.<\/div>\n<div><\/div>\n<div>\u201cLlevamos muchos meses planific\u00e1ndolo, con el Club Atl\u00e9tico de Rafaela, con el Gobierno de la provincia y con el Centro Comercial e Industrial de Rafaela y la Regi\u00f3n. Debo agradecer al Gobierno provincial que nos ha posibilitado a trav\u00e9s de Omar Perotti, poder presentar la Semana del Automovilismo en Buenos Aires, en Rosario, en Santa Fe y en Rafaela. Este evento se transforma, se da a conocer y se amplia la voz de anticipaci\u00f3n de lo que va a ser\u201d; sum\u00f3 Luis Castellano.<\/div>\n<div><\/div>\n<div>El mandatario sum\u00f3 que \u201cnecesitamos que nos acompa\u00f1e el tiempo. Estoy seguro que va a ser una hermosa semana para pasarla bien, para divertirse, para llenarla de eventos y concluirla con la carrera del Turismo Carretera, que se va a denominar \u00abEros Borgogno\u00bb en homenaje a \u00e9l y su familia\u201d.<\/div>\n<div><\/div>\n<div>Por su parte, Gabriel Kovacevich expres\u00f3 que \u201csin dudas es un evento muy importante para la Provincia. Esta ciudad tiene una trayectoria y reputaci\u00f3n muy amplia con respecto al automovilismo. Articular este tipo de eventos es muy beneficioso y tiene un valor agregado para la sociedad desde el punto de vista econ\u00f3mico, social, tur\u00edstico y deportivo\u201d.<\/div>\n<div><\/div>\n<div>\u201cPor decisi\u00f3n del gobernador Omar Perotti y del secretario de Turismo, Alejandro Grandinetti estamos articulando eventos convocantes para toda la sociedad, con el objetivo de que el turismo tenga el valor que se merece y para que Rafaela y la Provincia est\u00e9n en lo m\u00e1s alto de los calendarios de eventos tur\u00edsticos\u201d; sum\u00f3 el funcionario provincial.<\/div>\n<div><\/div>\n<div>EL EVENTO MAS CONVOCANTE DE RAFAELA<\/div>\n<div><\/div>\n<div>Por \u00faltimo, Silvio Fontanini cont\u00f3 que \u201cpara Atl\u00e9tico de Rafaela y para la ciudad entera la carrera del TC y toda la \u201cSemana del Automovilismo\u201d es el evento m\u00e1s convocante de Rafaela en el a\u00f1o. Estamos preparando todo; este a\u00f1o junto a la Municipalidad de Rafaela y el Gobierno provincial decidimos ampliar los d\u00edas que el evento abarca. Desde el s\u00e1bado anterior a la carrera, ya comenzar\u00e1 una serie de competencias, actos, charlas educativas y de manejo, para que la ciudad, la zona y el turista encuentre algo m\u00e1s all\u00e1 de la carrera\u201d.<\/div>\n<div><\/div>\n<div>Cabe resaltar que la conferencia tambi\u00e9n cont\u00f3 con la presencia del secretario de Producci\u00f3n, Empleo e Innovaci\u00f3n, Diego Peiretti; la secretaria de Desarrollo Humano, Myriam Villafa\u00f1e; el subsecretario de Deportes y Recreaci\u00f3n, Ignacio Podio; la coordinadora del \u00c1rea de Turismo local, Alejandra Mahieu; representantes del Club Atl\u00e9tico de Rafaela y del automovilismo local.<\/div>\n","protected":false},"excerpt":{"rendered":"<p>Este lunes, en las instalaciones del Aut\u00f3dromo \u201cCiudad de Rafaela\u201d, se llev\u00f3 a cabo la presentaci\u00f3n de \u00abLa Semana del<\/p>\n","protected":false},"author":2,"featured_media":31323,"comment_status":"open","ping_status":"open","sticky":false,"template":"","format":"standard","meta":{"footnotes":""},"categories":[24],"tags":[],"class_list":["post-31322","post","type-post","status-publish","format-standard","has-post-thumbnail","hentry","category-noticias-destacadas"],"cc_featured_image_caption":{"caption_text":"FOTO PRENSA MUNICIPALIDAD DE RAFAELA","source_text":"","source_url":""},"_links":{"self":[{"href":"https:\/\/todoapulmon-rafaela.com\/index.php\/wp-json\/wp\/v2\/posts\/31322"}],"collection":[{"href":"https:\/\/todoapulmon-rafaela.com\/index.php\/wp-json\/wp\/v2\/posts"}],"about":[{"href":"https:\/\/todoapulmon-rafaela.com\/index.php\/wp-json\/wp\/v2\/types\/post"}],"author":[{"embeddable":true,"href":"https:\/\/todoapulmon-rafaela.com\/index.php\/wp-json\/wp\/v2\/users\/2"}],"replies":[{"embeddable":true,"href":"https:\/\/todoapulmon-rafaela.com\/index.php\/wp-json\/wp\/v2\/comments?post=31322"}],"version-history":[{"count":1,"href":"https:\/\/todoapulmon-rafaela.com\/index.php\/wp-json\/wp\/v2\/posts\/31322\/revisions"}],"predecessor-version":[{"id":31324,"href":"https:\/\/todoapulmon-rafaela.com\/index.php\/wp-json\/wp\/v2\/posts\/31322\/revisions\/31324"}],"wp:featuredmedia":[{"embeddable":true,"href":"https:\/\/todoapulmon-rafaela.com\/index.php\/wp-json\/wp\/v2\/media\/31323"}],"wp:attachment":[{"href":"https:\/\/todoapulmon-rafaela.com\/index.php\/wp-json\/wp\/v2\/media?parent=31322"}],"wp:term":[{"taxonomy":"category","embeddable":true,"href":"https:\/\/todoapulmon-rafaela.com\/index.php\/wp-json\/wp\/v2\/categories?post=31322"},{"taxonomy":"post_tag","embeddable":true,"href":"https:\/\/todoapulmon-rafaela.com\/index.php\/wp-json\/wp\/v2\/tags?post=31322"}],"curies":[{"name":"wp","href":"https:\/\/api.w.org\/{rel}","templated":true}]}}