{"id":31285,"date":"2022-05-16T01:18:55","date_gmt":"2022-05-16T01:18:55","guid":{"rendered":"https:\/\/todoapulmon-rafaela.com\/?p=31285"},"modified":"2022-05-16T01:19:34","modified_gmt":"2022-05-16T01:19:34","slug":"podio-para-la-rafaelina-en-el-provincial-u16-femenino","status":"publish","type":"post","link":"https:\/\/todoapulmon-rafaela.com\/index.php\/2022\/05\/16\/podio-para-la-rafaelina-en-el-provincial-u16-femenino\/","title":{"rendered":"Podio para la Rafaelina en el Provincial U16 Femenino"},"content":{"rendered":"<p>El seleccionado de la Asociaci\u00f3n Rafaelina se ubic\u00f3 tercero en el Provincial Femenino U16 realizado este fin de semana en Ca\u00f1ada de G\u00f3mez, con la participaci\u00f3n de cinco equipos y que consagr\u00f3 como campe\u00f3n a Noroeste.<\/p>\n<p>El equipo dirigido por Jos\u00e9 Pennacino con Cecilia Manera como PF, el s\u00e1bado perdi\u00f3 ante Ca\u00f1ada de G\u00f3mez por 61 a 44 (Luc\u00eda Ballari 11, Ludmila Theiler 7 como principales anotadoras) a la ma\u00f1ana y luego venci\u00f3 a Venado Tuerto por 52 a 19 (Juana Marotti 9, Catalina Fessia y Piaggio 8).<\/p>\n<p>Ya en domingo, en el turno matutino cay\u00f3 ante Noroeste por 60 a 46 (Catalina Fessia 12, Ludmila Theiler 9) y cerr\u00f3 a la tarde la participaci\u00f3n derrotando a la Santafesina por 51 a 36 (Sof\u00eda Hoffmann y Azul Gagliardo, ambas 9 puntos).<\/p>\n<p>El plantel estuvo integrado por las jugadoras Catalina Fessia, Lucila Tosello, Luc\u00eda Ballari, Lourdes Rolfo, Azul Gagliardo, Zoe Minetti, Ludmila Theiler, Sof\u00eda Hoffman, Valentina Massoni, Lucila Foglia, Juana Marotti, F\u00e1tima Piaggio. DT: Jos\u00e9 Pennacino. PF: Cecilia Manera.<\/p>\n<p>En tanto, el representativo 3&#215;3 de la Rafaelina integrado por Mia Andereggen, Sof\u00eda Romero, Julieta Peralta y Mayra Sim\u00f3n se consagr\u00f3 del certamen en esta modalidad, que se disput\u00f3 en paralelo.<\/p>\n<p><img loading=\"lazy\" decoding=\"async\" class=\"alignnone size-full wp-image-31287\" src=\"https:\/\/todoapulmon-rafaela.com\/wp-content\/uploads\/2022\/05\/Rafaelina-3x3-1.jpg\" alt=\"\" width=\"1024\" height=\"768\" srcset=\"https:\/\/todoapulmon-rafaela.com\/wp-content\/uploads\/2022\/05\/Rafaelina-3x3-1.jpg 1024w, https:\/\/todoapulmon-rafaela.com\/wp-content\/uploads\/2022\/05\/Rafaelina-3x3-1-300x225.jpg 300w\" sizes=\"(max-width: 1024px) 100vw, 1024px\" \/><\/p>\n<p>Cabe acotar que las jugadoras de Ben Hur de nuestra ciudad en este torneo fueron Sof\u00eda Hoffmann y M\u00eda Andereggen.<\/p>\n","protected":false},"excerpt":{"rendered":"<p>El seleccionado de la Asociaci\u00f3n Rafaelina se ubic\u00f3 tercero en el Provincial Femenino U16 realizado este fin de semana en<\/p>\n","protected":false},"author":2,"featured_media":31286,"comment_status":"open","ping_status":"open","sticky":false,"template":"","format":"standard","meta":{"footnotes":""},"categories":[5,24],"tags":[],"class_list":["post-31285","post","type-post","status-publish","format-standard","has-post-thumbnail","hentry","category-basquet","category-noticias-destacadas"],"cc_featured_image_caption":{"caption_text":"El plantel de la ARB que tuvo meritorio desempe\u00f1o (foto prensa Fed. Santafesina).","source_text":"","source_url":""},"_links":{"self":[{"href":"https:\/\/todoapulmon-rafaela.com\/index.php\/wp-json\/wp\/v2\/posts\/31285"}],"collection":[{"href":"https:\/\/todoapulmon-rafaela.com\/index.php\/wp-json\/wp\/v2\/posts"}],"about":[{"href":"https:\/\/todoapulmon-rafaela.com\/index.php\/wp-json\/wp\/v2\/types\/post"}],"author":[{"embeddable":true,"href":"https:\/\/todoapulmon-rafaela.com\/index.php\/wp-json\/wp\/v2\/users\/2"}],"replies":[{"embeddable":true,"href":"https:\/\/todoapulmon-rafaela.com\/index.php\/wp-json\/wp\/v2\/comments?post=31285"}],"version-history":[{"count":2,"href":"https:\/\/todoapulmon-rafaela.com\/index.php\/wp-json\/wp\/v2\/posts\/31285\/revisions"}],"predecessor-version":[{"id":31289,"href":"https:\/\/todoapulmon-rafaela.com\/index.php\/wp-json\/wp\/v2\/posts\/31285\/revisions\/31289"}],"wp:featuredmedia":[{"embeddable":true,"href":"https:\/\/todoapulmon-rafaela.com\/index.php\/wp-json\/wp\/v2\/media\/31286"}],"wp:attachment":[{"href":"https:\/\/todoapulmon-rafaela.com\/index.php\/wp-json\/wp\/v2\/media?parent=31285"}],"wp:term":[{"taxonomy":"category","embeddable":true,"href":"https:\/\/todoapulmon-rafaela.com\/index.php\/wp-json\/wp\/v2\/categories?post=31285"},{"taxonomy":"post_tag","embeddable":true,"href":"https:\/\/todoapulmon-rafaela.com\/index.php\/wp-json\/wp\/v2\/tags?post=31285"}],"curies":[{"name":"wp","href":"https:\/\/api.w.org\/{rel}","templated":true}]}}