{"id":31122,"date":"2022-05-08T14:17:20","date_gmt":"2022-05-08T14:17:20","guid":{"rendered":"https:\/\/todoapulmon-rafaela.com\/?p=31122"},"modified":"2022-05-08T19:06:33","modified_gmt":"2022-05-08T19:06:33","slug":"segunda-medalla-dorada-para-tomas-mondino-en-rosario","status":"publish","type":"post","link":"https:\/\/todoapulmon-rafaela.com\/index.php\/2022\/05\/08\/segunda-medalla-dorada-para-tomas-mondino-en-rosario\/","title":{"rendered":"Segunda medalla dorada para Tom\u00e1s Mondino en Rosario"},"content":{"rendered":"<p>Este domingo en la jornada de cierre de los juegos suramericanos de la juventud 2022, continuaron las satisfacciones para el atletismo argentino y, en particular para el deporte de nuestra ciudad. En la final de los 200 m. llanos masculinos, el rafaelino Tom\u00e1s Mondino obtuvo el triunfo y la medalla dorada (segunda personal en el torneo) con una marca de 21 segundos 30 cent\u00e9simas.<\/p>\n<p>El velocista que representa al Club Ciclista de Rafaela ratific\u00f3 su condici\u00f3n de favorito tras las semifinales que se hab\u00edan realizado el s\u00e1bado, en las que hab\u00eda sido primero con un tiempo muy parecido (21.28). Con este doblete de t\u00edtulos repiti\u00f3 lo conseguido en 2021 en el Sudamericano U20 en Lima y el U18 en Encarnaci\u00f3n.<\/p>\n<p><img loading=\"lazy\" decoding=\"async\" class=\"alignnone size-full wp-image-31130\" src=\"https:\/\/todoapulmon-rafaela.com\/wp-content\/uploads\/2022\/05\/Screenshot_20220508-105908_Chrome.jpg\" alt=\"\" width=\"720\" height=\"1600\" srcset=\"https:\/\/todoapulmon-rafaela.com\/wp-content\/uploads\/2022\/05\/Screenshot_20220508-105908_Chrome.jpg 720w, https:\/\/todoapulmon-rafaela.com\/wp-content\/uploads\/2022\/05\/Screenshot_20220508-105908_Chrome-135x300.jpg 135w, https:\/\/todoapulmon-rafaela.com\/wp-content\/uploads\/2022\/05\/Screenshot_20220508-105908_Chrome-675x1500.jpg 675w, https:\/\/todoapulmon-rafaela.com\/wp-content\/uploads\/2022\/05\/Screenshot_20220508-105908_Chrome-691x1536.jpg 691w\" sizes=\"(max-width: 720px) 100vw, 720px\" \/><\/p>\n<p>En tanto, la velocista del CRAS, Camila Rodriguez, cerr\u00f3 un excelente torneo personal ocupando la sexta posici\u00f3n en la final de la misma distancia para damas, realizada previamente en la pista del estadio municipal. Recordemos que hab\u00eda obtenido la medalla de plata en los 100 m.<br \/>\n<!--\/data\/user\/0\/com.samsung.android.app.notes\/files\/clipdata\/clipdata_bodytext_220508_111352_736.sdocx--><\/p>\n","protected":false},"excerpt":{"rendered":"<p>Este domingo en la jornada de cierre de los juegos suramericanos de la juventud 2022, continuaron las satisfacciones para el<\/p>\n","protected":false},"author":2,"featured_media":31125,"comment_status":"open","ping_status":"open","sticky":false,"template":"","format":"standard","meta":{"footnotes":""},"categories":[7,24],"tags":[],"class_list":["post-31122","post","type-post","status-publish","format-standard","has-post-thumbnail","hentry","category-atletismo","category-noticias-destacadas"],"cc_featured_image_caption":{"caption_text":"","source_text":"","source_url":""},"_links":{"self":[{"href":"https:\/\/todoapulmon-rafaela.com\/index.php\/wp-json\/wp\/v2\/posts\/31122"}],"collection":[{"href":"https:\/\/todoapulmon-rafaela.com\/index.php\/wp-json\/wp\/v2\/posts"}],"about":[{"href":"https:\/\/todoapulmon-rafaela.com\/index.php\/wp-json\/wp\/v2\/types\/post"}],"author":[{"embeddable":true,"href":"https:\/\/todoapulmon-rafaela.com\/index.php\/wp-json\/wp\/v2\/users\/2"}],"replies":[{"embeddable":true,"href":"https:\/\/todoapulmon-rafaela.com\/index.php\/wp-json\/wp\/v2\/comments?post=31122"}],"version-history":[{"count":3,"href":"https:\/\/todoapulmon-rafaela.com\/index.php\/wp-json\/wp\/v2\/posts\/31122\/revisions"}],"predecessor-version":[{"id":31132,"href":"https:\/\/todoapulmon-rafaela.com\/index.php\/wp-json\/wp\/v2\/posts\/31122\/revisions\/31132"}],"wp:featuredmedia":[{"embeddable":true,"href":"https:\/\/todoapulmon-rafaela.com\/index.php\/wp-json\/wp\/v2\/media\/31125"}],"wp:attachment":[{"href":"https:\/\/todoapulmon-rafaela.com\/index.php\/wp-json\/wp\/v2\/media?parent=31122"}],"wp:term":[{"taxonomy":"category","embeddable":true,"href":"https:\/\/todoapulmon-rafaela.com\/index.php\/wp-json\/wp\/v2\/categories?post=31122"},{"taxonomy":"post_tag","embeddable":true,"href":"https:\/\/todoapulmon-rafaela.com\/index.php\/wp-json\/wp\/v2\/tags?post=31122"}],"curies":[{"name":"wp","href":"https:\/\/api.w.org\/{rel}","templated":true}]}}