{"id":30881,"date":"2022-04-29T12:00:44","date_gmt":"2022-04-29T12:00:44","guid":{"rendered":"https:\/\/todoapulmon-rafaela.com\/?p=30881"},"modified":"2022-04-29T12:01:00","modified_gmt":"2022-04-29T12:01:00","slug":"termino-la-temporada-con-estudiantes-para-meli-gretter","status":"publish","type":"post","link":"https:\/\/todoapulmon-rafaela.com\/index.php\/2022\/04\/29\/termino-la-temporada-con-estudiantes-para-meli-gretter\/","title":{"rendered":"Termin\u00f3 la temporada con Estudiantes para Meli Gretter"},"content":{"rendered":"<p>La contundente derrota de Movistar Estudiantes en cancha de Valencia Basket este jueves, por 72 a 35, deja un sabor amargo en el cierre de una temporada dulce (con clasificaci\u00f3n para Copa, playoffs y segunda fase de Eurocup) para el equipo madrile\u00f1o donde complet\u00f3 su segunda exitosa temporada la rafaelina Melisa Gretter.<\/p>\n<p>Las \u00abwomen in black\u00bb no pudieron en ning\u00fan momento con un conjunto taronja que supo secar a la base de la selecci\u00f3n argentina y abri\u00f3 brecha con un 18-0 en el primer cuarto. \u00abTal vez lo extraordinario fue lo del domingo y no lo de hoy\u00bb, analiz\u00f3 en rueda de prensa el entrenador, Alberto Ortego (el primer partido hab\u00eda finalizado en 59).<\/p>\n<p>En la parte final de la temporada Estudiantes estuvo afectado por algunas lesiones, como las de Arica Carter, y otras bajas. En el partido de ayer, por si fuera poco, la tambi\u00e9n argentina Vicky Llorente se hizo da\u00f1o en el cuello en un choque con una rival y tuvo que retirarse.<\/p>\n<p>El pr\u00f3ximo<strong>\u00a0mi\u00e9rcoles 4, est\u00e1 prevista la celebraci\u00f3n de una rueda de prensa<\/strong>\u00a0de valoraci\u00f3n de la temporada, que ha dejado hitos como la buena imagen en la primera participaci\u00f3n en competici\u00f3n europea; la clasificaci\u00f3n para la Copa de la Reina y la clasificaci\u00f3n para los playoffs por el t\u00edtulo.<\/p>\n<p><em><strong>Movistar Estudiantes 35 (8- 5-12-10)<\/strong><\/em><\/p>\n<p>Gretter (2), De Santiago (3), Fingall (15), Llorente (2), Diallo (4)- quinteto inicial- Ortiz (2), G\u00f3mez (0), Esp\u00edn (3), Conde (2), Saravia (2). No jug\u00f3 por lesi\u00f3n Carter, aunque hizo la rueda de calentamiento.<\/p>\n<p>Fuente: prensa Estudiantes.<\/p>\n","protected":false},"excerpt":{"rendered":"<p>La contundente derrota de Movistar Estudiantes en cancha de Valencia Basket este jueves, por 72 a 35, deja un sabor<\/p>\n","protected":false},"author":2,"featured_media":30882,"comment_status":"open","ping_status":"open","sticky":false,"template":"","format":"standard","meta":{"footnotes":""},"categories":[5,24],"tags":[],"class_list":["post-30881","post","type-post","status-publish","format-standard","has-post-thumbnail","hentry","category-basquet","category-noticias-destacadas"],"cc_featured_image_caption":{"caption_text":"FOTO PRENSA ESTUDIANTES DE MADRID","source_text":"","source_url":""},"_links":{"self":[{"href":"https:\/\/todoapulmon-rafaela.com\/index.php\/wp-json\/wp\/v2\/posts\/30881"}],"collection":[{"href":"https:\/\/todoapulmon-rafaela.com\/index.php\/wp-json\/wp\/v2\/posts"}],"about":[{"href":"https:\/\/todoapulmon-rafaela.com\/index.php\/wp-json\/wp\/v2\/types\/post"}],"author":[{"embeddable":true,"href":"https:\/\/todoapulmon-rafaela.com\/index.php\/wp-json\/wp\/v2\/users\/2"}],"replies":[{"embeddable":true,"href":"https:\/\/todoapulmon-rafaela.com\/index.php\/wp-json\/wp\/v2\/comments?post=30881"}],"version-history":[{"count":2,"href":"https:\/\/todoapulmon-rafaela.com\/index.php\/wp-json\/wp\/v2\/posts\/30881\/revisions"}],"predecessor-version":[{"id":30884,"href":"https:\/\/todoapulmon-rafaela.com\/index.php\/wp-json\/wp\/v2\/posts\/30881\/revisions\/30884"}],"wp:featuredmedia":[{"embeddable":true,"href":"https:\/\/todoapulmon-rafaela.com\/index.php\/wp-json\/wp\/v2\/media\/30882"}],"wp:attachment":[{"href":"https:\/\/todoapulmon-rafaela.com\/index.php\/wp-json\/wp\/v2\/media?parent=30881"}],"wp:term":[{"taxonomy":"category","embeddable":true,"href":"https:\/\/todoapulmon-rafaela.com\/index.php\/wp-json\/wp\/v2\/categories?post=30881"},{"taxonomy":"post_tag","embeddable":true,"href":"https:\/\/todoapulmon-rafaela.com\/index.php\/wp-json\/wp\/v2\/tags?post=30881"}],"curies":[{"name":"wp","href":"https:\/\/api.w.org\/{rel}","templated":true}]}}