{"id":30800,"date":"2022-04-25T13:06:33","date_gmt":"2022-04-25T13:06:33","guid":{"rendered":"https:\/\/todoapulmon-rafaela.com\/?p=30800"},"modified":"2022-04-25T13:09:45","modified_gmt":"2022-04-25T13:09:45","slug":"sexto-puesto-para-la-arv-en-el-interasociaciones-sub-18","status":"publish","type":"post","link":"https:\/\/todoapulmon-rafaela.com\/index.php\/2022\/04\/25\/sexto-puesto-para-la-arv-en-el-interasociaciones-sub-18\/","title":{"rendered":"Sexto puesto para la ARV en el Interasociaciones Sub 18"},"content":{"rendered":"<p>Este fin de semana se realiz\u00f3 en San Jer\u00f3nimo Norte el torneo Interasociaciones organizado por la Federaci\u00f3n Santafesina de Voley, para la categor\u00eda Sub 18, donde participaci\u00f3n el representativo de la Asociaci\u00f3n Rafaelina en la rama femenina.<\/p>\n<p>En la fase clasificatoria, el equipo de la ARV perdi\u00f3 ante AVSOS (Suroeste) por 3 a 1 y frente a AVOS (Oeste) por 3 a 0, mientras que le gan\u00f3 a la ACV (Ca\u00f1adense) por 3 a 0.<\/p>\n<p>En las definiciones del domingo, perdi\u00f3 ante la Rosarina por 3 a 0 y frente a AVNS (Norte Santafesino) por 3 a 0. En el partido por quinto y sexto puesto, cay\u00f3 frente a AVSOS 3 a 0, quedando entonces en la sexta posici\u00f3n entre ocho selecciones participantes.<\/p>\n<p>El equipo fue dirigido por Maximiliano Orellana con Marina Francesconi como asistente t\u00e9cnico y estuvo integrado por estas jugadoras:\u00a0Milagros Mesa, Milagros Demarchi, Rosario Ocampo, Valentina Pairone, Giuliana Funes y Camila P\u00e9rez (Almagro); Mora Oggero, Gina Alberto, Juliana Failla, Lucila Nievas, Brenda Beltramo y Emilia Bessone (Uni\u00f3n); NazarenaAvila y Milagros Mariotti (Libertad).<\/p>\n","protected":false},"excerpt":{"rendered":"<p>Este fin de semana se realiz\u00f3 en San Jer\u00f3nimo Norte el torneo Interasociaciones organizado por la Federaci\u00f3n Santafesina de Voley,<\/p>\n","protected":false},"author":2,"featured_media":30801,"comment_status":"open","ping_status":"open","sticky":false,"template":"","format":"standard","meta":{"footnotes":""},"categories":[24,16],"tags":[],"class_list":["post-30800","post","type-post","status-publish","format-standard","has-post-thumbnail","hentry","category-noticias-destacadas","category-voley"],"cc_featured_image_caption":{"caption_text":"El seleccionado de la Rafaelina que particip\u00f3 del Interasociaciones (foto ARV).","source_text":"","source_url":""},"_links":{"self":[{"href":"https:\/\/todoapulmon-rafaela.com\/index.php\/wp-json\/wp\/v2\/posts\/30800"}],"collection":[{"href":"https:\/\/todoapulmon-rafaela.com\/index.php\/wp-json\/wp\/v2\/posts"}],"about":[{"href":"https:\/\/todoapulmon-rafaela.com\/index.php\/wp-json\/wp\/v2\/types\/post"}],"author":[{"embeddable":true,"href":"https:\/\/todoapulmon-rafaela.com\/index.php\/wp-json\/wp\/v2\/users\/2"}],"replies":[{"embeddable":true,"href":"https:\/\/todoapulmon-rafaela.com\/index.php\/wp-json\/wp\/v2\/comments?post=30800"}],"version-history":[{"count":2,"href":"https:\/\/todoapulmon-rafaela.com\/index.php\/wp-json\/wp\/v2\/posts\/30800\/revisions"}],"predecessor-version":[{"id":30803,"href":"https:\/\/todoapulmon-rafaela.com\/index.php\/wp-json\/wp\/v2\/posts\/30800\/revisions\/30803"}],"wp:featuredmedia":[{"embeddable":true,"href":"https:\/\/todoapulmon-rafaela.com\/index.php\/wp-json\/wp\/v2\/media\/30801"}],"wp:attachment":[{"href":"https:\/\/todoapulmon-rafaela.com\/index.php\/wp-json\/wp\/v2\/media?parent=30800"}],"wp:term":[{"taxonomy":"category","embeddable":true,"href":"https:\/\/todoapulmon-rafaela.com\/index.php\/wp-json\/wp\/v2\/categories?post=30800"},{"taxonomy":"post_tag","embeddable":true,"href":"https:\/\/todoapulmon-rafaela.com\/index.php\/wp-json\/wp\/v2\/tags?post=30800"}],"curies":[{"name":"wp","href":"https:\/\/api.w.org\/{rel}","templated":true}]}}