{"id":30742,"date":"2022-04-23T21:06:45","date_gmt":"2022-04-23T21:06:45","guid":{"rendered":"https:\/\/todoapulmon-rafaela.com\/?p=30742"},"modified":"2022-04-23T21:09:19","modified_gmt":"2022-04-23T21:09:19","slug":"tomas-mondino-se-consagro-campeon-nacional-u20-en-100-metros","status":"publish","type":"post","link":"https:\/\/todoapulmon-rafaela.com\/index.php\/2022\/04\/23\/tomas-mondino-se-consagro-campeon-nacional-u20-en-100-metros\/","title":{"rendered":"Tom\u00e1s Mondino se consagr\u00f3 campe\u00f3n Nacional U20 en 100 metros"},"content":{"rendered":"<p>Tom\u00e1s Mondino mostr\u00f3 nuevamente dominio pleno de la m\u00e1xima prueba de velocidad, los 100 metros llanos, en este caso en la primera jornada del Campeonato Nacional U20 que se desarrolla en la pista sint\u00e9tica \u00abPedro Presti\u00bb de San Luis. El representante rafaelino, categor\u00eda 2005, se consagr\u00f3 en una superior a la suya, ya que tiene edad para U18. Lo hizo en una atrapante final donde qued\u00f3 segundo su compa\u00f1ero de selecci\u00f3n, el a\u00f1o pasado en el Mundial de Kenia, Bautista Diamante.<\/p>\n<p><img loading=\"lazy\" decoding=\"async\" class=\"alignnone size-full wp-image-30744\" src=\"https:\/\/todoapulmon-rafaela.com\/wp-content\/uploads\/2022\/04\/IMG-20220423-WA00081.jpg\" alt=\"\" width=\"1200\" height=\"1600\" srcset=\"https:\/\/todoapulmon-rafaela.com\/wp-content\/uploads\/2022\/04\/IMG-20220423-WA00081.jpg 1200w, https:\/\/todoapulmon-rafaela.com\/wp-content\/uploads\/2022\/04\/IMG-20220423-WA00081-225x300.jpg 225w, https:\/\/todoapulmon-rafaela.com\/wp-content\/uploads\/2022\/04\/IMG-20220423-WA00081-1125x1500.jpg 1125w, https:\/\/todoapulmon-rafaela.com\/wp-content\/uploads\/2022\/04\/IMG-20220423-WA00081-1152x1536.jpg 1152w\" sizes=\"(max-width: 1200px) 100vw, 1200px\" \/><\/p>\n<p>El atleta del Club Ciclista de Rafaela obtuvo para el triunfo un un excelente registro de 10\u201d36 (+3.4 ) aunque el viento impide su homologaci\u00f3n (es v\u00e1lido hasta +2 m).<br \/>\nDe esta manera el velocista de nuestra ciudad ratifica su talento para las pruebas de velocidad, teniendo ahora por delante nuevamente el desaf\u00edo de los 200 metros, a pocos d\u00edas de representar al pa\u00eds en los Juegos Suramericanos Juveniles de Rosario.<\/p>\n<div id=\"wrapper\">\n<div id=\"page-wrapper\">\n<div class=\"row\">\n<div class=\"col-lg-12\">\n<div class=\"panel panel-default\">\n<div class=\"panel-body\">\n<div><\/div>\n<div class=\"table-responsive\">\n<table id=\"dataTables-example\" class=\"table table-striped table-bordered table-hover\">\n<thead>\n<tr>\n<th>Puesto<\/th>\n<th>N\u00b0<\/th>\n<th>Andanivel<\/th>\n<th>Nombre<\/th>\n<th>Dia<\/th>\n<th>Mes<\/th>\n<th>A\u00f1o<\/th>\n<th>Pais<\/th>\n<th>Marca<\/th>\n<\/tr>\n<\/thead>\n<tbody>\n<tr class=\"odd gradeX\">\n<td>01<\/td>\n<td><\/td>\n<td>5<\/td>\n<td class=\"initialism\">MONDINO TOM\u00c1S<\/td>\n<td class=\"center\">27<\/td>\n<td class=\"center\">05<\/td>\n<td class=\"center\">2005<\/td>\n<td class=\"center\">SF<\/td>\n<td class=\"center\"><strong>10.36<\/strong><\/td>\n<\/tr>\n<tr class=\"odd gradeX\">\n<td>02<\/td>\n<td><\/td>\n<td>4<\/td>\n<td class=\"initialism\">DIAMANTE BAUTISTA<\/td>\n<td class=\"center\">28<\/td>\n<td class=\"center\">2<\/td>\n<td class=\"center\">2003<\/td>\n<td class=\"center\">FAM<\/td>\n<td class=\"center\"><strong>10.44<\/strong><\/td>\n<\/tr>\n<tr class=\"odd gradeX\">\n<td>03<\/td>\n<td><\/td>\n<td>8<\/td>\n<td class=\"initialism\">ASTIZ BAUTISTA JOAQUIN<\/td>\n<td class=\"center\">19<\/td>\n<td class=\"center\">11<\/td>\n<td class=\"center\">2003<\/td>\n<td class=\"center\">BA<\/td>\n<td class=\"center\"><strong>10.71<\/strong><\/td>\n<\/tr>\n<tr class=\"odd gradeX\">\n<td>04<\/td>\n<td><\/td>\n<td>3<\/td>\n<td class=\"initialism\">VILLEGAS TOMAS ARIEL<\/td>\n<td class=\"center\">30<\/td>\n<td class=\"center\">4<\/td>\n<td class=\"center\">2004<\/td>\n<td class=\"center\">SL<\/td>\n<td class=\"center\"><strong>10.77<\/strong><\/td>\n<\/tr>\n<tr class=\"odd gradeX\">\n<td>05<\/td>\n<td><\/td>\n<td>1<\/td>\n<td class=\"initialism\">PEREIRA EDUARDO ENRIQUE<\/td>\n<td class=\"center\">3<\/td>\n<td class=\"center\">1<\/td>\n<td class=\"center\">2004<\/td>\n<td class=\"center\">BA<\/td>\n<td class=\"center\"><strong>10.86<\/strong><\/td>\n<\/tr>\n<tr class=\"odd gradeX\">\n<td>06<\/td>\n<td><\/td>\n<td>7<\/td>\n<td class=\"initialism\">MINUE MAXIMO<\/td>\n<td class=\"center\">21<\/td>\n<td class=\"center\">3<\/td>\n<td class=\"center\">2003<\/td>\n<td class=\"center\">COR<\/td>\n<td class=\"center\"><strong>10.92<\/strong><\/td>\n<\/tr>\n<tr class=\"odd gradeX\">\n<td>07<\/td>\n<td><\/td>\n<td>6<\/td>\n<td class=\"initialism\">ELIZAINCIN MAT\u00cdAS AGUST\u00cdN<\/td>\n<td class=\"center\">31<\/td>\n<td class=\"center\">5<\/td>\n<td class=\"center\">2005<\/td>\n<td class=\"center\">FAM<\/td>\n<td class=\"center\"><strong>11.04<\/strong><\/td>\n<\/tr>\n<tr class=\"odd gradeX\">\n<td>08<\/td>\n<td><\/td>\n<td>2<\/td>\n<td class=\"initialism\">LANFRANCHI TOMAS<\/td>\n<td class=\"center\">7<\/td>\n<td class=\"center\">5<\/td>\n<td class=\"center\">2004<\/td>\n<td class=\"center\">SCR<\/td>\n<td class=\"center\"><strong>11.07<\/strong><\/td>\n<\/tr>\n<\/tbody>\n<\/table>\n<p>&nbsp;<\/p>\n<\/div>\n<\/div>\n<\/div>\n<\/div>\n<\/div>\n<\/div>\n<\/div>\n","protected":false},"excerpt":{"rendered":"<p>Tom\u00e1s Mondino mostr\u00f3 nuevamente dominio pleno de la m\u00e1xima prueba de velocidad, los 100 metros llanos, en este caso en<\/p>\n","protected":false},"author":2,"featured_media":30746,"comment_status":"open","ping_status":"open","sticky":false,"template":"","format":"standard","meta":{"footnotes":""},"categories":[7,24],"tags":[],"class_list":["post-30742","post","type-post","status-publish","format-standard","has-post-thumbnail","hentry","category-atletismo","category-noticias-destacadas"],"cc_featured_image_caption":{"caption_text":"","source_text":"","source_url":""},"_links":{"self":[{"href":"https:\/\/todoapulmon-rafaela.com\/index.php\/wp-json\/wp\/v2\/posts\/30742"}],"collection":[{"href":"https:\/\/todoapulmon-rafaela.com\/index.php\/wp-json\/wp\/v2\/posts"}],"about":[{"href":"https:\/\/todoapulmon-rafaela.com\/index.php\/wp-json\/wp\/v2\/types\/post"}],"author":[{"embeddable":true,"href":"https:\/\/todoapulmon-rafaela.com\/index.php\/wp-json\/wp\/v2\/users\/2"}],"replies":[{"embeddable":true,"href":"https:\/\/todoapulmon-rafaela.com\/index.php\/wp-json\/wp\/v2\/comments?post=30742"}],"version-history":[{"count":2,"href":"https:\/\/todoapulmon-rafaela.com\/index.php\/wp-json\/wp\/v2\/posts\/30742\/revisions"}],"predecessor-version":[{"id":30747,"href":"https:\/\/todoapulmon-rafaela.com\/index.php\/wp-json\/wp\/v2\/posts\/30742\/revisions\/30747"}],"wp:featuredmedia":[{"embeddable":true,"href":"https:\/\/todoapulmon-rafaela.com\/index.php\/wp-json\/wp\/v2\/media\/30746"}],"wp:attachment":[{"href":"https:\/\/todoapulmon-rafaela.com\/index.php\/wp-json\/wp\/v2\/media?parent=30742"}],"wp:term":[{"taxonomy":"category","embeddable":true,"href":"https:\/\/todoapulmon-rafaela.com\/index.php\/wp-json\/wp\/v2\/categories?post=30742"},{"taxonomy":"post_tag","embeddable":true,"href":"https:\/\/todoapulmon-rafaela.com\/index.php\/wp-json\/wp\/v2\/tags?post=30742"}],"curies":[{"name":"wp","href":"https:\/\/api.w.org\/{rel}","templated":true}]}}