{"id":30702,"date":"2022-04-21T17:57:07","date_gmt":"2022-04-21T17:57:07","guid":{"rendered":"https:\/\/todoapulmon-rafaela.com\/?p=30702"},"modified":"2022-04-21T17:57:07","modified_gmt":"2022-04-21T17:57:07","slug":"buena-presencia-rafaelina-en-el-nacional-u20","status":"publish","type":"post","link":"https:\/\/todoapulmon-rafaela.com\/index.php\/2022\/04\/21\/buena-presencia-rafaelina-en-el-nacional-u20\/","title":{"rendered":"Buena presencia rafaelina en el Nacional U20"},"content":{"rendered":"<p>La ciudad de San Luis ser\u00e1 sede este fin de semana del Campeonato Nacional U20, en su 51\u00aa edici\u00f3n, con la presencia de una nutrida delegaci\u00f3n de atletas rafaelinos integrando el equipo de Santa Fe, habilitados a trav\u00e9s de la obtenci\u00f3n de sus marcas m\u00ednimas. El certamen, evaluativo para Panamericano y Mundial de la categor\u00eda, tendr\u00e1 como escenario la pista sint\u00e9tica del Centro de Desarrollo Deportivo \u00a8Pedro Presti\u00a8 de San Luis, que fue inaugurada en noviembre pasado.<\/p>\n<p>El CRAS tendr\u00e1 la presencia de siete atletas: en varones, St\u00e9fano Serafin (salto en largo); Agust\u00edn Bonetto (salto en alto) y Francisco Bonetto (salto triple). En damas intervendr\u00e1n: Camila Rodriguez (100, 200 metros llanos y postas); Abril Okon (salto en alto); Angelina Zanatta (marcha); Virginia Abb\u00e1 (lanzamiento de martillo) y Jazmina Rose (lanzamiento de martillo).<\/p>\n<p>Del Club Ciclista de Rafaela estar\u00e1 Tom\u00e1s Mondino (100 y 200 metros llanos, y postas), al igual que Camila Rodriguez integrantes del equipo nacional para los Juegos Suramericanos de la Juventud Rosario 2022.<\/p>\n<p>El equipo santafesino tiene la presencia de 19 atletas varones y 15 mujeres.<\/p>\n","protected":false},"excerpt":{"rendered":"<p>La ciudad de San Luis ser\u00e1 sede este fin de semana del Campeonato Nacional U20, en su 51\u00aa edici\u00f3n, con<\/p>\n","protected":false},"author":2,"featured_media":30703,"comment_status":"open","ping_status":"open","sticky":false,"template":"","format":"standard","meta":{"footnotes":""},"categories":[7,24],"tags":[],"class_list":["post-30702","post","type-post","status-publish","format-standard","has-post-thumbnail","hentry","category-atletismo","category-noticias-destacadas"],"cc_featured_image_caption":{"caption_text":"La flamante sint\u00e9tica \"Pedro Presti\", de 8 andariveles e inaugurada en noviembre del a\u00f1o pasado, ser\u00e1 el escenario.","source_text":"","source_url":""},"_links":{"self":[{"href":"https:\/\/todoapulmon-rafaela.com\/index.php\/wp-json\/wp\/v2\/posts\/30702"}],"collection":[{"href":"https:\/\/todoapulmon-rafaela.com\/index.php\/wp-json\/wp\/v2\/posts"}],"about":[{"href":"https:\/\/todoapulmon-rafaela.com\/index.php\/wp-json\/wp\/v2\/types\/post"}],"author":[{"embeddable":true,"href":"https:\/\/todoapulmon-rafaela.com\/index.php\/wp-json\/wp\/v2\/users\/2"}],"replies":[{"embeddable":true,"href":"https:\/\/todoapulmon-rafaela.com\/index.php\/wp-json\/wp\/v2\/comments?post=30702"}],"version-history":[{"count":1,"href":"https:\/\/todoapulmon-rafaela.com\/index.php\/wp-json\/wp\/v2\/posts\/30702\/revisions"}],"predecessor-version":[{"id":30704,"href":"https:\/\/todoapulmon-rafaela.com\/index.php\/wp-json\/wp\/v2\/posts\/30702\/revisions\/30704"}],"wp:featuredmedia":[{"embeddable":true,"href":"https:\/\/todoapulmon-rafaela.com\/index.php\/wp-json\/wp\/v2\/media\/30703"}],"wp:attachment":[{"href":"https:\/\/todoapulmon-rafaela.com\/index.php\/wp-json\/wp\/v2\/media?parent=30702"}],"wp:term":[{"taxonomy":"category","embeddable":true,"href":"https:\/\/todoapulmon-rafaela.com\/index.php\/wp-json\/wp\/v2\/categories?post=30702"},{"taxonomy":"post_tag","embeddable":true,"href":"https:\/\/todoapulmon-rafaela.com\/index.php\/wp-json\/wp\/v2\/tags?post=30702"}],"curies":[{"name":"wp","href":"https:\/\/api.w.org\/{rel}","templated":true}]}}