{"id":30668,"date":"2022-04-19T16:49:33","date_gmt":"2022-04-19T16:49:33","guid":{"rendered":"https:\/\/todoapulmon-rafaela.com\/?p=30668"},"modified":"2022-04-19T16:49:54","modified_gmt":"2022-04-19T16:49:54","slug":"con-milena-margaria-seleccionado-juvenil-empezo-a-prepararse-para-el-sudamericano","status":"publish","type":"post","link":"https:\/\/todoapulmon-rafaela.com\/index.php\/2022\/04\/19\/con-milena-margaria-seleccionado-juvenil-empezo-a-prepararse-para-el-sudamericano\/","title":{"rendered":"Con Milena Margar\u00eda, seleccionado juvenil empez\u00f3 a prepararse para el Sudamericano"},"content":{"rendered":"<p>Este lunes comenz\u00f3 la primera etapa de trabajo de la Selecci\u00f3n Juvenil Femenina de voley dirigida por Marcelo Silva y que en este 2022 tendr\u00e1 el Sudamericano de la categor\u00eda, en agosto pr\u00f3ximo en Per\u00fa.<\/p>\n<p>El plantel trabajar\u00e1 durante toda la semana hasta el domingo 24 en las instalaciones del Centro Nacional de Alto Rendimiento Deportivo, en Buenos Aires, con jornadas de pesas y pelota.<\/p>\n<p>De esta etapa est\u00e1n siendo parte la gran mayor\u00eda de las jugadoras que en 2021 disputaron el Mundial U18 en M\u00e9xico, es decir las categor\u00eda 2004, y se suman tambi\u00e9n algunas 2005 y 2003. Por ende, tiene su lugar en la convocatoria la sunchalense Milena Margar\u00eda, jugadora surgida de los torneos de la Asociaci\u00f3n Rafaelina de Voley, que hace algunas semanas finaliz\u00f3 su participaci\u00f3n con River en la Liga Argentina de mayores.<\/p>\n<p>El Sudamericano que es clasificatorio para el Mundial Juvenil 2023 se disputar\u00e1 en Cajamarca, Per\u00fa, entre el 17 y 21 de agosto.<\/p>\n<p><strong>Convocadas \u2013 Concentraci\u00f3n 18 al 24\/4<\/strong><\/p>\n<p>Julieta Aruga<br \/>\nJuana Giardini<br \/>\nEmilia Balague<br \/>\nConstanza P\u00e9rez Sain<br \/>\nValentina Vaulet<br \/>\nSof\u00eda Lescano<br \/>\nNicole P\u00e9rez<br \/>\nKeila Llanos<br \/>\nGisela Otamendi<br \/>\nRosario Agostinello<br \/>\nMalena Marquez<br \/>\n<strong>Milena Margaria<\/strong><br \/>\nMorena Kaplan<br \/>\nEmma Bednarek<br \/>\nZoe Studer<br \/>\nAvril Garc\u00eda<br \/>\nAgustina Campanella<br \/>\nJosefina Ossvald<br \/>\nVictoria Caballero<br \/>\nEugenia Pereyra<\/p>\n<p>DT: Marcelo Silva<br \/>\nAsistente: N\u00e9stor Ver\u00f3n<br \/>\nPF: Pablo Trabadelo<br \/>\nEstad\u00edstico: Nicol\u00e1s Ippolito<br \/>\nM\u00e9dica: Alejandra Valdez<br \/>\nKinesi\u00f3loga: Florencia Siciliano<br \/>\nManager: V\u00edctor R\u00edos.<\/p>\n<p>Fuente: FEVA<\/p>\n","protected":false},"excerpt":{"rendered":"<p>Este lunes comenz\u00f3 la primera etapa de trabajo de la Selecci\u00f3n Juvenil Femenina de voley dirigida por Marcelo Silva y<\/p>\n","protected":false},"author":2,"featured_media":27781,"comment_status":"open","ping_status":"open","sticky":false,"template":"","format":"standard","meta":{"footnotes":""},"categories":[16],"tags":[],"class_list":["post-30668","post","type-post","status-publish","format-standard","has-post-thumbnail","hentry","category-voley"],"cc_featured_image_caption":{"caption_text":"","source_text":"","source_url":""},"_links":{"self":[{"href":"https:\/\/todoapulmon-rafaela.com\/index.php\/wp-json\/wp\/v2\/posts\/30668"}],"collection":[{"href":"https:\/\/todoapulmon-rafaela.com\/index.php\/wp-json\/wp\/v2\/posts"}],"about":[{"href":"https:\/\/todoapulmon-rafaela.com\/index.php\/wp-json\/wp\/v2\/types\/post"}],"author":[{"embeddable":true,"href":"https:\/\/todoapulmon-rafaela.com\/index.php\/wp-json\/wp\/v2\/users\/2"}],"replies":[{"embeddable":true,"href":"https:\/\/todoapulmon-rafaela.com\/index.php\/wp-json\/wp\/v2\/comments?post=30668"}],"version-history":[{"count":2,"href":"https:\/\/todoapulmon-rafaela.com\/index.php\/wp-json\/wp\/v2\/posts\/30668\/revisions"}],"predecessor-version":[{"id":30670,"href":"https:\/\/todoapulmon-rafaela.com\/index.php\/wp-json\/wp\/v2\/posts\/30668\/revisions\/30670"}],"wp:featuredmedia":[{"embeddable":true,"href":"https:\/\/todoapulmon-rafaela.com\/index.php\/wp-json\/wp\/v2\/media\/27781"}],"wp:attachment":[{"href":"https:\/\/todoapulmon-rafaela.com\/index.php\/wp-json\/wp\/v2\/media?parent=30668"}],"wp:term":[{"taxonomy":"category","embeddable":true,"href":"https:\/\/todoapulmon-rafaela.com\/index.php\/wp-json\/wp\/v2\/categories?post=30668"},{"taxonomy":"post_tag","embeddable":true,"href":"https:\/\/todoapulmon-rafaela.com\/index.php\/wp-json\/wp\/v2\/tags?post=30668"}],"curies":[{"name":"wp","href":"https:\/\/api.w.org\/{rel}","templated":true}]}}