{"id":30458,"date":"2022-04-05T20:03:52","date_gmt":"2022-04-05T20:03:52","guid":{"rendered":"https:\/\/todoapulmon-rafaela.com\/?p=30458"},"modified":"2022-04-05T20:03:52","modified_gmt":"2022-04-05T20:03:52","slug":"sumate-a-gimnasia-en-la-plaza-italia","status":"publish","type":"post","link":"https:\/\/todoapulmon-rafaela.com\/index.php\/2022\/04\/05\/sumate-a-gimnasia-en-la-plaza-italia\/","title":{"rendered":"Sumate a \u201cGimnasia en la Plaza Italia\u201d"},"content":{"rendered":"<div>A partir del mi\u00e9rcoles 6 de abril, el municipio contin\u00faa sumando programas y actividades recreativas. En este caso, la propuesta \u00abGimnasia en la Plaza Italia\u201d tendr\u00e1 lugar los lunes y mi\u00e9rcoles de 8:00 a 9:00, en Jaime Ferr\u00e9 y Dest\u00e9fani, donde se podr\u00e1 realizar actividad f\u00edsica guiados por la profesora Vanina Baronetti, quien pertenece a la Subsecretar\u00eda de Deportes y Recreaci\u00f3n.<\/div>\n<div><\/div>\n<div>\u00abEsta actividad f\u00edsica se encuentra adecuada a quienes se sumen y se realiza en un espacio libre. Se busca ofrecer una oportunidad para que los vecinos y vecinas puedan disfrutar de los espacios verdes de la ciudad. Adem\u00e1s, es fundamental para que se mantengan en movimiento y disfruten el momento\u00bb, manifest\u00f3 el el subsecretario de Deportes y Recreaci\u00f3n, Ignacio Podio.<\/div>\n<div><\/div>\n<div>\u201cLas jornadas son tranquilas, adecuadas a la edad de los participantes. Lo m\u00e1s importante es el v\u00ednculo afectivo, ya que en estas actividades se comparten momentos muy gratos y se generan amistades, no solo entre los que participan, sino tambi\u00e9n con los profesores y con nosotros los funcionarios. De eso se trata la cercan\u00eda entre el Estado y los ciudadanos\u00bb, cerr\u00f3.<\/div>\n<div><\/div>\n<div>Por su parte, Vanina Baronetti cont\u00f3 que \u201ceste es el a\u00f1o n\u00famero 12 que vengo realizando dicha actividad en la plaza. Se form\u00f3 un gran grupo humano, el cual disfruta mucho el trabajo al aire libre y sobre todo lo utilizan como un cable a tierra; donde hay muchas risas, charlas y sobre todo, una buena impronta acorde a las caracter\u00edsticas del grupo, que hacen las ma\u00f1anas llevaderas y m\u00e1s activas\u201d.<\/div>\n<div><\/div>\n<div>\u201cEs un espacio en el que se fomenta el movimiento (articular- postural), coordinativo y de elongaci\u00f3n como ejes fundamentales\u201d, sum\u00f3 la profesora.<\/div>\n","protected":false},"excerpt":{"rendered":"<p>A partir del mi\u00e9rcoles 6 de abril, el municipio contin\u00faa sumando programas y actividades recreativas. En este caso, la propuesta<\/p>\n","protected":false},"author":2,"featured_media":30459,"comment_status":"open","ping_status":"open","sticky":false,"template":"","format":"standard","meta":{"footnotes":""},"categories":[1],"tags":[],"class_list":["post-30458","post","type-post","status-publish","format-standard","has-post-thumbnail","hentry","category-sin-categoria"],"cc_featured_image_caption":{"caption_text":"","source_text":"","source_url":""},"_links":{"self":[{"href":"https:\/\/todoapulmon-rafaela.com\/index.php\/wp-json\/wp\/v2\/posts\/30458"}],"collection":[{"href":"https:\/\/todoapulmon-rafaela.com\/index.php\/wp-json\/wp\/v2\/posts"}],"about":[{"href":"https:\/\/todoapulmon-rafaela.com\/index.php\/wp-json\/wp\/v2\/types\/post"}],"author":[{"embeddable":true,"href":"https:\/\/todoapulmon-rafaela.com\/index.php\/wp-json\/wp\/v2\/users\/2"}],"replies":[{"embeddable":true,"href":"https:\/\/todoapulmon-rafaela.com\/index.php\/wp-json\/wp\/v2\/comments?post=30458"}],"version-history":[{"count":1,"href":"https:\/\/todoapulmon-rafaela.com\/index.php\/wp-json\/wp\/v2\/posts\/30458\/revisions"}],"predecessor-version":[{"id":30460,"href":"https:\/\/todoapulmon-rafaela.com\/index.php\/wp-json\/wp\/v2\/posts\/30458\/revisions\/30460"}],"wp:featuredmedia":[{"embeddable":true,"href":"https:\/\/todoapulmon-rafaela.com\/index.php\/wp-json\/wp\/v2\/media\/30459"}],"wp:attachment":[{"href":"https:\/\/todoapulmon-rafaela.com\/index.php\/wp-json\/wp\/v2\/media?parent=30458"}],"wp:term":[{"taxonomy":"category","embeddable":true,"href":"https:\/\/todoapulmon-rafaela.com\/index.php\/wp-json\/wp\/v2\/categories?post=30458"},{"taxonomy":"post_tag","embeddable":true,"href":"https:\/\/todoapulmon-rafaela.com\/index.php\/wp-json\/wp\/v2\/tags?post=30458"}],"curies":[{"name":"wp","href":"https:\/\/api.w.org\/{rel}","templated":true}]}}