{"id":30206,"date":"2022-03-25T17:23:39","date_gmt":"2022-03-25T17:23:39","guid":{"rendered":"https:\/\/todoapulmon-rafaela.com\/?p=30206"},"modified":"2022-03-25T17:35:04","modified_gmt":"2022-03-25T17:35:04","slug":"sergio-peretti-tiene-en-san-juan-otro-desafio-en-medio-ironman","status":"publish","type":"post","link":"https:\/\/todoapulmon-rafaela.com\/index.php\/2022\/03\/25\/sergio-peretti-tiene-en-san-juan-otro-desafio-en-medio-ironman\/","title":{"rendered":"Sergio Peretti tiene en San Juan otro desaf\u00edo en medio Ironman"},"content":{"rendered":"<p>El pr\u00f3ximo domingo 27 de marzo, San Juan ser\u00e1 escenario del triatl\u00f3n del m\u00e1s alto nivel. La modalidad 70.3 o medio Ironman -con 1,9 kil\u00f3metros de nataci\u00f3n, 90 kil\u00f3metros de ciclismo y 21,1 de atletismo- convocar\u00e1 a m\u00e1s de 600 deportistas de gran cantidad de pa\u00edses. Entre ellos, participando en su respectiva categor\u00eda, estar\u00e1 el rafaelino Sergio Peretti, ya clasificado para el Mundial de Estados Unidos.<br \/>\nDe acuerdo a las inscripciones previas, hay 110 mujeres y 490 hombres. Tomando como referencia la informaci\u00f3n suministrada desde la organizaci\u00f3n del evento, intervendr\u00e1n 447 argentinos, 21 chilenos, 14 brasileros, 4 estadounidenses y el resto provienen de Rep\u00fablica Dominicana, Bahamas, Canad\u00e1, Espa\u00f1a y Paraguay.<\/p>\n<p>EL CIRCUITO<\/p>\n<p>En cuanto al circuito, el inicio de la nataci\u00f3n ser\u00e1 a metros del Dique de Ull\u00fam, para luego afrontar la parte de ciclismo, que incluye transitar las rutas 60, 38 y 12, adem\u00e1s de pasar por la avenida San Mart\u00edn, Hip\u00f3lito Yrigoyen y Rivadavia y Circunvalaci\u00f3n, con un retome en la calle Rogelio D\u00edaz.<br \/>\nYa en el pedestrismo, los triatletas encarar\u00e1n dos vueltas por el casco hist\u00f3rico de la ciudad, pasando por el Estadio Abierto, la Plaza Espa\u00f1a, el Museo de Ciencias Naturales, el Complejo Deportivo de la Universidad y el Centro C\u00edvico San Mart\u00edn, para finalizar en la Plaza del Bicentenario.<\/p>\n<p>PRESENCIA ESPECIAL<\/p>\n<p>Ram\u00f3n Arroyo Prieto, el protagonista de la conmovedora pel\u00edcula espa\u00f1ola\u00a0\u201c100 Metros\u201d, va a participar de esta gran competencia, anunciaron los organizadores.<\/p>\n<p>&nbsp;<\/p>\n","protected":false},"excerpt":{"rendered":"<p>El pr\u00f3ximo domingo 27 de marzo, San Juan ser\u00e1 escenario del triatl\u00f3n del m\u00e1s alto nivel. La modalidad 70.3 o<\/p>\n","protected":false},"author":2,"featured_media":30211,"comment_status":"open","ping_status":"open","sticky":false,"template":"","format":"standard","meta":{"footnotes":""},"categories":[24,28],"tags":[],"class_list":["post-30206","post","type-post","status-publish","format-standard","has-post-thumbnail","hentry","category-noticias-destacadas","category-triatlon"],"cc_featured_image_caption":{"caption_text":"","source_text":"","source_url":""},"_links":{"self":[{"href":"https:\/\/todoapulmon-rafaela.com\/index.php\/wp-json\/wp\/v2\/posts\/30206"}],"collection":[{"href":"https:\/\/todoapulmon-rafaela.com\/index.php\/wp-json\/wp\/v2\/posts"}],"about":[{"href":"https:\/\/todoapulmon-rafaela.com\/index.php\/wp-json\/wp\/v2\/types\/post"}],"author":[{"embeddable":true,"href":"https:\/\/todoapulmon-rafaela.com\/index.php\/wp-json\/wp\/v2\/users\/2"}],"replies":[{"embeddable":true,"href":"https:\/\/todoapulmon-rafaela.com\/index.php\/wp-json\/wp\/v2\/comments?post=30206"}],"version-history":[{"count":4,"href":"https:\/\/todoapulmon-rafaela.com\/index.php\/wp-json\/wp\/v2\/posts\/30206\/revisions"}],"predecessor-version":[{"id":30213,"href":"https:\/\/todoapulmon-rafaela.com\/index.php\/wp-json\/wp\/v2\/posts\/30206\/revisions\/30213"}],"wp:featuredmedia":[{"embeddable":true,"href":"https:\/\/todoapulmon-rafaela.com\/index.php\/wp-json\/wp\/v2\/media\/30211"}],"wp:attachment":[{"href":"https:\/\/todoapulmon-rafaela.com\/index.php\/wp-json\/wp\/v2\/media?parent=30206"}],"wp:term":[{"taxonomy":"category","embeddable":true,"href":"https:\/\/todoapulmon-rafaela.com\/index.php\/wp-json\/wp\/v2\/categories?post=30206"},{"taxonomy":"post_tag","embeddable":true,"href":"https:\/\/todoapulmon-rafaela.com\/index.php\/wp-json\/wp\/v2\/tags?post=30206"}],"curies":[{"name":"wp","href":"https:\/\/api.w.org\/{rel}","templated":true}]}}