{"id":29985,"date":"2022-03-15T12:30:24","date_gmt":"2022-03-15T12:30:24","guid":{"rendered":"https:\/\/todoapulmon-rafaela.com\/?p=29985"},"modified":"2022-04-10T22:14:20","modified_gmt":"2022-04-10T22:14:20","slug":"visconti-gano-su-categoria-en-el-tria-de-gualeguaychu","status":"publish","type":"post","link":"https:\/\/todoapulmon-rafaela.com\/index.php\/2022\/03\/15\/visconti-gano-su-categoria-en-el-tria-de-gualeguaychu\/","title":{"rendered":"Visconti gan\u00f3 su categor\u00eda en el Tria de Gualeguaych\u00fa"},"content":{"rendered":"<p>El santafesino Gast\u00f3n Latournerie en la general de Varones y la victoriense Mar\u00eda Victoria Rivero en Damas, fueron los ganadores del Tria de Gualeguaych\u00fa que se disput\u00f3 en el mediod\u00eda del domingo con casi 300 participantes en l\u00ednea de partida, entre ellos dos rafaelinos.<\/p>\n<p>La modalidad empleada fue un sprint (750 metros de nataci\u00f3n, 20 km. de ciclismo y 5km de pedestrismo) sobre la costanera de la mencionada ciudad entrerriana. La prueba tuvo validez para el torneo entrerriano y como fecha del campeonato argentino de triatl\u00f3n.<\/p>\n<p>Rodrigo Visconti qued\u00f3 sexto en la clasificaci\u00f3n general y fue vencedor en Varones D con un tiempo de 57m06s.<\/p>\n<p>En MTB Rod. 29 hasta 27 a\u00f1os fue tercera Juliana Selvaggi con 20m46s.<\/p>\n<p><img loading=\"lazy\" decoding=\"async\" class=\"alignnone size-full wp-image-29998\" src=\"https:\/\/todoapulmon-rafaela.com\/wp-content\/uploads\/2022\/03\/Selvaggi-podio.jpg\" alt=\"\" width=\"515\" height=\"1296\" srcset=\"https:\/\/todoapulmon-rafaela.com\/wp-content\/uploads\/2022\/03\/Selvaggi-podio.jpg 515w, https:\/\/todoapulmon-rafaela.com\/wp-content\/uploads\/2022\/03\/Selvaggi-podio-119x300.jpg 119w\" sizes=\"(max-width: 515px) 100vw, 515px\" \/><\/p>\n","protected":false},"excerpt":{"rendered":"<p>El santafesino Gast\u00f3n Latournerie en la general de Varones y la victoriense Mar\u00eda Victoria Rivero en Damas, fueron los ganadores<\/p>\n","protected":false},"author":2,"featured_media":29997,"comment_status":"open","ping_status":"open","sticky":false,"template":"","format":"standard","meta":{"footnotes":""},"categories":[24,28],"tags":[],"class_list":["post-29985","post","type-post","status-publish","format-standard","has-post-thumbnail","hentry","category-noticias-destacadas","category-triatlon"],"cc_featured_image_caption":{"caption_text":"El podio de Varones D donde se impuso el triatleta rafaelino.","source_text":"","source_url":""},"_links":{"self":[{"href":"https:\/\/todoapulmon-rafaela.com\/index.php\/wp-json\/wp\/v2\/posts\/29985"}],"collection":[{"href":"https:\/\/todoapulmon-rafaela.com\/index.php\/wp-json\/wp\/v2\/posts"}],"about":[{"href":"https:\/\/todoapulmon-rafaela.com\/index.php\/wp-json\/wp\/v2\/types\/post"}],"author":[{"embeddable":true,"href":"https:\/\/todoapulmon-rafaela.com\/index.php\/wp-json\/wp\/v2\/users\/2"}],"replies":[{"embeddable":true,"href":"https:\/\/todoapulmon-rafaela.com\/index.php\/wp-json\/wp\/v2\/comments?post=29985"}],"version-history":[{"count":4,"href":"https:\/\/todoapulmon-rafaela.com\/index.php\/wp-json\/wp\/v2\/posts\/29985\/revisions"}],"predecessor-version":[{"id":30001,"href":"https:\/\/todoapulmon-rafaela.com\/index.php\/wp-json\/wp\/v2\/posts\/29985\/revisions\/30001"}],"wp:featuredmedia":[{"embeddable":true,"href":"https:\/\/todoapulmon-rafaela.com\/index.php\/wp-json\/wp\/v2\/media\/29997"}],"wp:attachment":[{"href":"https:\/\/todoapulmon-rafaela.com\/index.php\/wp-json\/wp\/v2\/media?parent=29985"}],"wp:term":[{"taxonomy":"category","embeddable":true,"href":"https:\/\/todoapulmon-rafaela.com\/index.php\/wp-json\/wp\/v2\/categories?post=29985"},{"taxonomy":"post_tag","embeddable":true,"href":"https:\/\/todoapulmon-rafaela.com\/index.php\/wp-json\/wp\/v2\/tags?post=29985"}],"curies":[{"name":"wp","href":"https:\/\/api.w.org\/{rel}","templated":true}]}}