{"id":29980,"date":"2022-03-14T17:07:52","date_gmt":"2022-03-14T17:07:52","guid":{"rendered":"https:\/\/todoapulmon-rafaela.com\/?p=29980"},"modified":"2022-03-14T17:07:52","modified_gmt":"2022-03-14T17:07:52","slug":"menores-rafaelinos-tuvieron-un-abierto-con-buenos-resultados","status":"publish","type":"post","link":"https:\/\/todoapulmon-rafaela.com\/index.php\/2022\/03\/14\/menores-rafaelinos-tuvieron-un-abierto-con-buenos-resultados\/","title":{"rendered":"Menores rafaelinos tuvieron un Abierto con buenos resultados"},"content":{"rendered":"<p>Este fin de semana se jug\u00f3 en San Jorge y Carlos Pellegrini el primer Abierto de Menores de la Liga de Tenis del Litoral. Estuvieron participando tenistas de nuestra ciudad representantes de los clubes 9 de Julio, Atl\u00e9tico y La Ca\u00f1ada.<br \/>\nCabe destacar el campeonato obtenido por Mat\u00edas Alessandria en categor\u00eda Preinfantiles Sub 10, en singles y dobles.<\/p>\n<p><img loading=\"lazy\" decoding=\"async\" class=\"alignnone size-full wp-image-29982\" src=\"https:\/\/todoapulmon-rafaela.com\/wp-content\/uploads\/2022\/03\/IMG_20220314_135244_1191.jpg\" alt=\"\" width=\"563\" height=\"1000\" srcset=\"https:\/\/todoapulmon-rafaela.com\/wp-content\/uploads\/2022\/03\/IMG_20220314_135244_1191.jpg 563w, https:\/\/todoapulmon-rafaela.com\/wp-content\/uploads\/2022\/03\/IMG_20220314_135244_1191-169x300.jpg 169w\" sizes=\"(max-width: 563px) 100vw, 563px\" \/><br \/>\nPor otra parte, Felipe Brarda fue finalista en Sub 14, mientras que Tom\u00e1s Salva perdi\u00f3 en semifinales de Sub 12, en tanto Joaqu\u00edn Escobar tambi\u00e9n accedi\u00f3 a semifinales en Sub 14.<\/p>\n<p><img loading=\"lazy\" decoding=\"async\" class=\"alignnone size-full wp-image-29983\" src=\"https:\/\/todoapulmon-rafaela.com\/wp-content\/uploads\/2022\/03\/IMG_20220314_135252_3781.jpg\" alt=\"\" width=\"600\" height=\"800\" srcset=\"https:\/\/todoapulmon-rafaela.com\/wp-content\/uploads\/2022\/03\/IMG_20220314_135252_3781.jpg 600w, https:\/\/todoapulmon-rafaela.com\/wp-content\/uploads\/2022\/03\/IMG_20220314_135252_3781-225x300.jpg 225w\" sizes=\"(max-width: 600px) 100vw, 600px\" \/><br \/>\nCabe mencionar, adem\u00e1s, que Agustina Vottero viaj\u00f3 a Mendoza para disputar la qualy del primer Nacional en Sub 14.<\/p>\n","protected":false},"excerpt":{"rendered":"<p>Este fin de semana se jug\u00f3 en San Jorge y Carlos Pellegrini el primer Abierto de Menores de la Liga<\/p>\n","protected":false},"author":2,"featured_media":29981,"comment_status":"open","ping_status":"open","sticky":false,"template":"","format":"standard","meta":{"footnotes":""},"categories":[6],"tags":[],"class_list":["post-29980","post","type-post","status-publish","format-standard","has-post-thumbnail","hentry","category-tenis"],"cc_featured_image_caption":{"caption_text":"","source_text":"","source_url":""},"_links":{"self":[{"href":"https:\/\/todoapulmon-rafaela.com\/index.php\/wp-json\/wp\/v2\/posts\/29980"}],"collection":[{"href":"https:\/\/todoapulmon-rafaela.com\/index.php\/wp-json\/wp\/v2\/posts"}],"about":[{"href":"https:\/\/todoapulmon-rafaela.com\/index.php\/wp-json\/wp\/v2\/types\/post"}],"author":[{"embeddable":true,"href":"https:\/\/todoapulmon-rafaela.com\/index.php\/wp-json\/wp\/v2\/users\/2"}],"replies":[{"embeddable":true,"href":"https:\/\/todoapulmon-rafaela.com\/index.php\/wp-json\/wp\/v2\/comments?post=29980"}],"version-history":[{"count":1,"href":"https:\/\/todoapulmon-rafaela.com\/index.php\/wp-json\/wp\/v2\/posts\/29980\/revisions"}],"predecessor-version":[{"id":29984,"href":"https:\/\/todoapulmon-rafaela.com\/index.php\/wp-json\/wp\/v2\/posts\/29980\/revisions\/29984"}],"wp:featuredmedia":[{"embeddable":true,"href":"https:\/\/todoapulmon-rafaela.com\/index.php\/wp-json\/wp\/v2\/media\/29981"}],"wp:attachment":[{"href":"https:\/\/todoapulmon-rafaela.com\/index.php\/wp-json\/wp\/v2\/media?parent=29980"}],"wp:term":[{"taxonomy":"category","embeddable":true,"href":"https:\/\/todoapulmon-rafaela.com\/index.php\/wp-json\/wp\/v2\/categories?post=29980"},{"taxonomy":"post_tag","embeddable":true,"href":"https:\/\/todoapulmon-rafaela.com\/index.php\/wp-json\/wp\/v2\/tags?post=29980"}],"curies":[{"name":"wp","href":"https:\/\/api.w.org\/{rel}","templated":true}]}}