{"id":29905,"date":"2022-03-11T17:31:40","date_gmt":"2022-03-11T17:31:40","guid":{"rendered":"https:\/\/todoapulmon-rafaela.com\/?p=29905"},"modified":"2022-03-11T17:31:40","modified_gmt":"2022-03-11T17:31:40","slug":"jaguares-xv-viajo-a-chile-y-espera-el-debut","status":"publish","type":"post","link":"https:\/\/todoapulmon-rafaela.com\/index.php\/2022\/03\/11\/jaguares-xv-viajo-a-chile-y-espera-el-debut\/","title":{"rendered":"Jaguares XV viaj\u00f3 a Chile y espera el debut"},"content":{"rendered":"<p>La Superliga Americana de Rugby 2022 comenzar\u00e1 el pr\u00f3ximo domingo y el plantel de Jaguares XV viaj\u00f3 el jueves hacia Chile. El plantel de los rafaelinos <strong>Mayco Vivas<\/strong> y <strong>Pedro Rubiolo<\/strong> ya se encuentra a la espera del duelo con Cafeteros Pro (Colombia), a jugarse desde las 15.<br \/>\nEl torneo se podr\u00e1 ver por la plataforma Star+. Esta vez, la primera y segunda parada ser\u00e1 sobre la costa del Pac\u00edfico, en el estadio El\u00edas Figueroa, ubicado en la ciudad de Valpara\u00edso. El primer partido ser\u00e1 Pe\u00f1arol ante Cobras, mientras que Jaguares XV debutar\u00e1 ante Cafeteros. Cerrar\u00e1n la jornada el local Selknam ante Olimpia Lions.<br \/>\nEn Santiago ser\u00e1 el comienzo de la fecha 3 y luego se trasladar\u00e1 a Paraguay (en Asunci\u00f3n la continuidad de la fecha 3 y en Ciudad del Este las fechas 4 y 5), para terminar de manera completa con la segunda ronda, m\u00e1s las semifinales y la final, \u00edntegramente en Montevideo, Uruguay. El partido decisivo est\u00e1 previsto que se juegue el 28 de mayo en el Estadio Charr\u00faa.<\/p>\n<p><strong>Tom\u00e1s Cubilla<\/strong> ser\u00e1 quien vista la cinta de capit\u00e1n en el certamen, mientras que <strong>Lautaro Simes\u00a0<\/strong>qued\u00f3 desafectado del plantel por una lesi\u00f3n. <strong>Federico Albrisi<\/strong> fue su reemplazante.<\/p>\n<p>As\u00ed se jugar\u00e1 la primera fecha de la SLAR 2022:<\/p>\n<p>Pe\u00f1arol vs. Cobras Brasil XV 12:00 ARG<\/p>\n<p>Cafeteros Pro vs. Jaguares XV 15:00 ARG<\/p>\n<p>Olimpia Lions vs. Selknam 18:00 ARG.<\/p>\n","protected":false},"excerpt":{"rendered":"<p>La Superliga Americana de Rugby 2022 comenzar\u00e1 el pr\u00f3ximo domingo y el plantel de Jaguares XV viaj\u00f3 el jueves hacia<\/p>\n","protected":false},"author":2,"featured_media":29906,"comment_status":"open","ping_status":"open","sticky":false,"template":"","format":"standard","meta":{"footnotes":""},"categories":[24,2],"tags":[],"class_list":["post-29905","post","type-post","status-publish","format-standard","has-post-thumbnail","hentry","category-noticias-destacadas","category-rugby"],"cc_featured_image_caption":{"caption_text":"El rafaelino Pedro Rubiolo con la guinda en uno de los entrenamientos (Foto Jaguares oficial).","source_text":"","source_url":""},"_links":{"self":[{"href":"https:\/\/todoapulmon-rafaela.com\/index.php\/wp-json\/wp\/v2\/posts\/29905"}],"collection":[{"href":"https:\/\/todoapulmon-rafaela.com\/index.php\/wp-json\/wp\/v2\/posts"}],"about":[{"href":"https:\/\/todoapulmon-rafaela.com\/index.php\/wp-json\/wp\/v2\/types\/post"}],"author":[{"embeddable":true,"href":"https:\/\/todoapulmon-rafaela.com\/index.php\/wp-json\/wp\/v2\/users\/2"}],"replies":[{"embeddable":true,"href":"https:\/\/todoapulmon-rafaela.com\/index.php\/wp-json\/wp\/v2\/comments?post=29905"}],"version-history":[{"count":1,"href":"https:\/\/todoapulmon-rafaela.com\/index.php\/wp-json\/wp\/v2\/posts\/29905\/revisions"}],"predecessor-version":[{"id":29907,"href":"https:\/\/todoapulmon-rafaela.com\/index.php\/wp-json\/wp\/v2\/posts\/29905\/revisions\/29907"}],"wp:featuredmedia":[{"embeddable":true,"href":"https:\/\/todoapulmon-rafaela.com\/index.php\/wp-json\/wp\/v2\/media\/29906"}],"wp:attachment":[{"href":"https:\/\/todoapulmon-rafaela.com\/index.php\/wp-json\/wp\/v2\/media?parent=29905"}],"wp:term":[{"taxonomy":"category","embeddable":true,"href":"https:\/\/todoapulmon-rafaela.com\/index.php\/wp-json\/wp\/v2\/categories?post=29905"},{"taxonomy":"post_tag","embeddable":true,"href":"https:\/\/todoapulmon-rafaela.com\/index.php\/wp-json\/wp\/v2\/tags?post=29905"}],"curies":[{"name":"wp","href":"https:\/\/api.w.org\/{rel}","templated":true}]}}