{"id":29874,"date":"2022-03-10T11:22:20","date_gmt":"2022-03-10T11:22:20","guid":{"rendered":"https:\/\/todoapulmon-rafaela.com\/?p=29874"},"modified":"2022-03-10T11:22:20","modified_gmt":"2022-03-10T11:22:20","slug":"subcampeonato-para-daniel-bima","status":"publish","type":"post","link":"https:\/\/todoapulmon-rafaela.com\/index.php\/2022\/03\/10\/subcampeonato-para-daniel-bima\/","title":{"rendered":"Subcampeonato para Daniel Bima"},"content":{"rendered":"<p>La Subcomisi\u00f3n de Pelota Paleta de Atl\u00e9tico de Rafaela inform\u00f3 que en los d\u00edas 4, 5 y 6 de marzo se llev\u00f3 a cabo en las instalaciones del Jockey Club de Venado Tuerto, la 1ra fecha del a\u00f1o del \u201cTorneo Anual Amistad\u201d, organizado por la Comisi\u00f3n de Torneos Amistad, dependiente de la Federaci\u00f3n Santafesina de Pelota Paleta. En la misma compitieron 4 jugadores de Atl\u00e9tico de Rafaela.<br \/>\n<strong>Categor\u00eda \u201cB\u201d: Subcampe\u00f3n:<\/strong>\u00a0El jugador de Atl\u00e9tico, Daniel Bima en pareja con el local Daniel Arce. Lograron el segundo puesto luego de pasar la zona clasificatoria con triunfos sobre los binomios formados por I. Lamagna &#8211; M. Barreto de Elortondo y S. Leguizam\u00f3n (V. Tuerto) \u2013 B. Arias (Firtmat) por 25\/05 y 25\/13 respectivamente.<br \/>\nPosteriormente ganaron los cuartos de final a la pareja del rafaelino Germ\u00e1n Stoffel y G. Santizo de Casilda por 25\/18 y adjudicarse la semifinal frente A. L. Ceghetti (V. Tuerto) y C. Becerra (Firmat) por 25 a 13.<br \/>\nEl d\u00eda domingo jugaron la final ante el binomio conformado por M. Rossi (Ch. Ladeado) e I. L\u00f3pez (Canals Cba.) siendo derrotados por 30 a 23, en un partido muy parejo hasta el tanto 22 en donde llegaron empatados, para luego sacar una diferencia indescontable por parte de los ganadores.<br \/>\nTambi\u00e9n en esta categor\u00eda compitieron los pelotaris de Rafaela, Luis Zanoni quien lleg\u00f3 hasta cuartos de final y Claudio Mansilla quedando eliminado en zona clasificatoria.<\/p>\n<p>COMENZ\u00d3 LA ESCUELITA DE PELOTA PALETA<br \/>\nEl lunes 7 de marzo comenz\u00f3 el ciclo anual 2022 de la escuelita de Pelota Paleta para ni\u00f1os y ni\u00f1as a partir de los 7 a\u00f1os (no excluyente), desarroll\u00e1ndose las clases, en forma gratuita, los d\u00edas lunes, mi\u00e9rcoles y viernes de 18.00 a 19.30 hs. en las instalaciones del front\u00f3n sito en el interior del aut\u00f3dromo Ciudad de Rafaela.<br \/>\nEl dictado de las mismas estar\u00e1 a cargo del Prof. de Educaci\u00f3n F\u00edsica Daniel Bima, Para cualquier informaci\u00f3n dirigirse a la secretar\u00eda de club o a los TE: 3492 520197 (D. Bima) \u2013 3492 603475 (P. Vaca) &#8211; 03492 417916 (C. Emmert) &#8211; 3492 682975 (M. Montoya).<\/p>\n","protected":false},"excerpt":{"rendered":"<p>La Subcomisi\u00f3n de Pelota Paleta de Atl\u00e9tico de Rafaela inform\u00f3 que en los d\u00edas 4, 5 y 6 de marzo<\/p>\n","protected":false},"author":2,"featured_media":29875,"comment_status":"open","ping_status":"open","sticky":false,"template":"","format":"standard","meta":{"footnotes":""},"categories":[1],"tags":[],"class_list":["post-29874","post","type-post","status-publish","format-standard","has-post-thumbnail","hentry","category-sin-categoria"],"cc_featured_image_caption":{"caption_text":"","source_text":"","source_url":""},"_links":{"self":[{"href":"https:\/\/todoapulmon-rafaela.com\/index.php\/wp-json\/wp\/v2\/posts\/29874"}],"collection":[{"href":"https:\/\/todoapulmon-rafaela.com\/index.php\/wp-json\/wp\/v2\/posts"}],"about":[{"href":"https:\/\/todoapulmon-rafaela.com\/index.php\/wp-json\/wp\/v2\/types\/post"}],"author":[{"embeddable":true,"href":"https:\/\/todoapulmon-rafaela.com\/index.php\/wp-json\/wp\/v2\/users\/2"}],"replies":[{"embeddable":true,"href":"https:\/\/todoapulmon-rafaela.com\/index.php\/wp-json\/wp\/v2\/comments?post=29874"}],"version-history":[{"count":1,"href":"https:\/\/todoapulmon-rafaela.com\/index.php\/wp-json\/wp\/v2\/posts\/29874\/revisions"}],"predecessor-version":[{"id":29876,"href":"https:\/\/todoapulmon-rafaela.com\/index.php\/wp-json\/wp\/v2\/posts\/29874\/revisions\/29876"}],"wp:featuredmedia":[{"embeddable":true,"href":"https:\/\/todoapulmon-rafaela.com\/index.php\/wp-json\/wp\/v2\/media\/29875"}],"wp:attachment":[{"href":"https:\/\/todoapulmon-rafaela.com\/index.php\/wp-json\/wp\/v2\/media?parent=29874"}],"wp:term":[{"taxonomy":"category","embeddable":true,"href":"https:\/\/todoapulmon-rafaela.com\/index.php\/wp-json\/wp\/v2\/categories?post=29874"},{"taxonomy":"post_tag","embeddable":true,"href":"https:\/\/todoapulmon-rafaela.com\/index.php\/wp-json\/wp\/v2\/tags?post=29874"}],"curies":[{"name":"wp","href":"https:\/\/api.w.org\/{rel}","templated":true}]}}