{"id":29762,"date":"2022-03-02T17:32:24","date_gmt":"2022-03-02T17:32:24","guid":{"rendered":"https:\/\/todoapulmon-rafaela.com\/?p=29762"},"modified":"2022-03-02T17:42:58","modified_gmt":"2022-03-02T17:42:58","slug":"jaguares-confirmo-plantel-para-la-superliga-con-vivas-y-rubiolo-entre-los-31-integrantes","status":"publish","type":"post","link":"https:\/\/todoapulmon-rafaela.com\/index.php\/2022\/03\/02\/jaguares-confirmo-plantel-para-la-superliga-con-vivas-y-rubiolo-entre-los-31-integrantes\/","title":{"rendered":"Jaguares confirm\u00f3 plantel para la Superliga con Vivas y Rubiolo entre los 31 integrantes"},"content":{"rendered":"<p>Concluidas las tres semanas de pretemporada, en las cuales fueron evaluados 39 jugadores, el head-coach Ignacio Fern\u00e1ndez Lobbe eligi\u00f3 el plantel de Jaguares XV que defender\u00e1 el t\u00edtulo en la Superliga Americana de Rugby 2022, certamen cuyo estreno ser\u00e1 el pr\u00f3ximo 13 de marzo. La n\u00f3mina oficial qued\u00f3 conformada por 31 jugadores, de los cuales cinco actuaron frente a Pe\u00f1arol en la final de 2021; ellos son Tom\u00e1s Cubilla, Agust\u00edn Segura, Juan Pablo Castro, Ger\u00f3nimo Prisciantelli e Ignacio Ruiz.<\/p>\n<p>Pero tambi\u00e9n formaron parte del plantel la \u00faltima campa\u00f1a el rafaelino Pedro Rubiolo, Rodrigo Fern\u00e1ndez Criado, Rafael Iriarte y Santiago Ruiz.<\/p>\n<figure id=\"attachment_29764\" aria-describedby=\"caption-attachment-29764\" style=\"width: 1638px\" class=\"wp-caption alignnone\"><img loading=\"lazy\" decoding=\"async\" class=\"size-full wp-image-29764\" src=\"https:\/\/todoapulmon-rafaela.com\/wp-content\/uploads\/2022\/03\/Rubiolo-entrenamiento.jpg\" alt=\"\" width=\"1638\" height=\"2048\" srcset=\"https:\/\/todoapulmon-rafaela.com\/wp-content\/uploads\/2022\/03\/Rubiolo-entrenamiento.jpg 1638w, https:\/\/todoapulmon-rafaela.com\/wp-content\/uploads\/2022\/03\/Rubiolo-entrenamiento-240x300.jpg 240w, https:\/\/todoapulmon-rafaela.com\/wp-content\/uploads\/2022\/03\/Rubiolo-entrenamiento-1200x1500.jpg 1200w, https:\/\/todoapulmon-rafaela.com\/wp-content\/uploads\/2022\/03\/Rubiolo-entrenamiento-1229x1536.jpg 1229w\" sizes=\"(max-width: 1638px) 100vw, 1638px\" \/><figcaption id=\"caption-attachment-29764\" class=\"wp-caption-text\">PedroRubiolo (derecha) jugar\u00e1 su segunda Superliga Americana.<\/figcaption><\/figure>\n<p>Tambi\u00e9n est\u00e1 el caso de Mayco Vivas, que si bien estuvo convocado para la temporada 2021, no lleg\u00f3 a participar porque un problema cervical lo alej\u00f3 de la actividad. Afortunadamente esa situaci\u00f3n ya fue superada por el pilar formado en CRAR y que encarar\u00e1 este torneo, en su regreso oficial a las canchas, con su importante experiencia de 12 caps con Los Pumas.<\/p>\n<p>El plantel seleccionado para la SLAR 2022 lo integran 31 jugadores, pero los ocho que no fueron elegidos quedar\u00e1n como reservas; ellos son: Mateo N\u00fa\u00f1ez Miseres, Juan Cruz Strada, Aitor Bildosola, Mateo Albanese, Juan Corso, Adri\u00e1n Delgado, Hugo Garc\u00eda y Francisco Pisani. La delegaci\u00f3n argentina viajar\u00e1 rumbo a Chile el mi\u00e9rcoles 9 de marzo.<\/p>\n<p>La primera etapa de la SLAR 2022 se llevar\u00e1 a cabo en Chile y en Paraguay; la presentaci\u00f3n de Jaguares XV ser\u00e1 el domingo 13 de marzo frente a Cafeteros Pro, y los siguientes compromisos en el pa\u00eds trasandino ser\u00e1n ante Olimpia Lions (19 de marzo) y frente a Selknam (25 de marzo). Los dos primeros encuentros se llevar\u00e1n a cabo en Valpara\u00edso, pero el duelo ante la franquicia chilena ser\u00e1 en Santiago, en el Estadio San Carlos de Apoquindo. Y los \u00faltimos dos encuentros de la rueda inicial del certamen continental se realizar\u00e1n en Ciudad del Este: ante Pe\u00f1arol (2 de abril) y con Cobras XV (8 de abril). Luego de estas cinco primeras fechas, habr\u00e1 un receso de diez d\u00edas, y los planteles volver\u00e1n a encontrarse en la ciudad de Montevideo, donde se desarrollar\u00e1 la segunda y decisiva etapa del certamen. Las semifinales y la final se disputar\u00e1n el 21 y el 28 de mayo, respectivamente.<\/p>\n<p>El plantel de Jaguares XV para la SLAR 2022 es el siguiente:<\/p>\n<figure class=\"wp-block-table\">\n<table>\n<tbody>\n<tr>\n<td><\/td>\n<td><strong>APELLIDO Y NOMBRE<\/strong><\/td>\n<td><strong>CLUB<\/strong><\/td>\n<td><strong>PUESTO<\/strong><\/td>\n<\/tr>\n<tr>\n<td>1<\/td>\n<td><strong>VIVAS<\/strong>, Mayco<\/td>\n<td>UAR<\/td>\n<td>Pilar izquierdo<\/td>\n<\/tr>\n<tr>\n<td>2<\/td>\n<td><strong>PULELLA<\/strong>, Santiago<\/td>\n<td>JOCKEY CLUB CORDOBA<\/td>\n<td>Pilar izquierdo<\/td>\n<\/tr>\n<tr>\n<td>3<\/td>\n<td><strong>REVOL PITT<\/strong>, Nicol\u00e1s<\/td>\n<td>LA TABLADA<\/td>\n<td>Pilar izquierdo<\/td>\n<\/tr>\n<tr>\n<td>4<\/td>\n<td><strong>BERNASCONI<\/strong>, Bautista<\/td>\n<td>CASI<\/td>\n<td>Hooker<\/td>\n<\/tr>\n<tr>\n<td>5<\/td>\n<td><strong>PANZARINI<\/strong>, Andrea<\/td>\n<td>SIC<\/td>\n<td>Hooker<\/td>\n<\/tr>\n<tr>\n<td>6<\/td>\n<td><strong>RUIZ<\/strong>, Ignacio<\/td>\n<td>REGATAS BELLA VISTA<\/td>\n<td>Hooker<\/td>\n<\/tr>\n<tr>\n<td>7<\/td>\n<td><strong>CARO SAISI<\/strong>, Lautaro<\/td>\n<td>PUEYRREDON<\/td>\n<td>Pilar derecho<\/td>\n<\/tr>\n<tr>\n<td>8<\/td>\n<td><strong>CORONEL<\/strong>, Javier<\/td>\n<td>UNIVERSITARIO LA PLATA<\/td>\n<td>Pilar derecho<\/td>\n<\/tr>\n<tr>\n<td>9<\/td>\n<td><strong>VILLAR<\/strong>, Mart\u00edn<\/td>\n<td>LOMAS AC<\/td>\n<td>Pilar derecho<\/td>\n<\/tr>\n<tr>\n<td>10<\/td>\n<td><strong>ANCONETANI<\/strong>, Lucio<\/td>\n<td>DUENDES RC<\/td>\n<td>Segunda l\u00ednea<\/td>\n<\/tr>\n<tr>\n<td>11<\/td>\n<td><strong>SIMES<\/strong>, Lautaro<\/td>\n<td>TALA RC<\/td>\n<td>Segunda l\u00ednea<\/td>\n<\/tr>\n<tr>\n<td>12<\/td>\n<td><strong>FERN\u00c1NDEZ CRIADO<\/strong>, Rodrigo<\/td>\n<td>BELGRANO<\/td>\n<td>Segunda l\u00ednea<\/td>\n<\/tr>\n<tr>\n<td>13<\/td>\n<td><strong>BERNSTEIN<\/strong>, Manuel<\/td>\n<td>CRAI<\/td>\n<td>Ala<\/td>\n<\/tr>\n<tr>\n<td>14<\/td>\n<td><strong>RUBIOLO<\/strong>, Pedro<\/td>\n<td>CRAR<\/td>\n<td>Ala<\/td>\n<\/tr>\n<tr>\n<td>15<\/td>\n<td><strong>G\u00d3MEZ VARA<\/strong>, Jer\u00f3nimo<\/td>\n<td>ATLETICO DEL ROSARIO<\/td>\n<td>Ala<\/td>\n<\/tr>\n<\/tbody>\n<\/table>\n<\/figure>\n<figure class=\"wp-block-table\">\n<table>\n<tbody>\n<tr>\n<td>16<\/td>\n<td><strong>RUIZ<\/strong>, Santiago<\/td>\n<td>REGATAS BELLA VISTA<\/td>\n<td>Ala<\/td>\n<\/tr>\n<tr>\n<td>17<\/td>\n<td><strong>CHIAVASSA<\/strong>, Eliseo<\/td>\n<td>LOS TILOS<\/td>\n<td>Ala<\/td>\n<\/tr>\n<tr>\n<td>18<\/td>\n<td><strong>PEDEMONTE<\/strong>, Bautista<\/td>\n<td>UAR<\/td>\n<td>Octavo<\/td>\n<\/tr>\n<tr>\n<td>19<\/td>\n<td><strong>IRIARTE<\/strong>, Rafael<\/td>\n<td>CUBA<\/td>\n<td>Medio-scrum<\/td>\n<\/tr>\n<tr>\n<td>20<\/td>\n<td><strong>PELLANDINI<\/strong>, Joaqu\u00edn<\/td>\n<td>BUENOS AIRES C&amp;R<\/td>\n<td>Medio-scrum<\/td>\n<\/tr>\n<tr>\n<td>21<\/td>\n<td><strong>MARE<\/strong>, Santiago<\/td>\n<td>REGATAS BELLA VISTA<\/td>\n<td>Apertura<\/td>\n<\/tr>\n<tr>\n<td>22<\/td>\n<td><strong>SU\u00c1REZ FOLCH<\/strong>, Tom\u00e1s<\/td>\n<td>LA PLATA<\/td>\n<td>Apertura<\/td>\n<\/tr>\n<tr>\n<td>23<\/td>\n<td><strong>BOGADO<\/strong>, Mart\u00edn<\/td>\n<td>JOCKEY CLUB CORDOBA<\/td>\n<td>Wing<\/td>\n<\/tr>\n<tr>\n<td>24<\/td>\n<td><strong>CASTRO<\/strong>, Juan Pablo<\/td>\n<td>SAN JUAN RC<\/td>\n<td>Centro<\/td>\n<\/tr>\n<tr>\n<td>25<\/td>\n<td><strong>CUBILLA<\/strong>, Tom\u00e1s<\/td>\n<td>ALUMNI<\/td>\n<td>Centro<\/td>\n<\/tr>\n<tr>\n<td>26<\/td>\n<td><strong>SEGURA<\/strong>, Agust\u00edn<\/td>\n<td>JOCKEY CLUB CORDOBA<\/td>\n<td>Centro<\/td>\n<\/tr>\n<tr>\n<td>27<\/td>\n<td><strong>DELGUY<\/strong>, I\u00f1aki<\/td>\n<td>PUCARA<\/td>\n<td>Wing<\/td>\n<\/tr>\n<tr>\n<td>28<\/td>\n<td><strong>L\u00d3PEZ FERN\u00c1NDEZ<\/strong>, Nicanor<\/td>\n<td>ATLETICO ROSARIO<\/td>\n<td>Wing<\/td>\n<\/tr>\n<tr>\n<td>29<\/td>\n<td><strong>MENDY<\/strong>, Ignacio<\/td>\n<td>LOS TILOS<\/td>\n<td>Fullback<\/td>\n<\/tr>\n<tr>\n<td>30<\/td>\n<td><strong>PRISCIANTELLI<\/strong>, Ger\u00f3nimo<\/td>\n<td>CASI<\/td>\n<td>Fullback<\/td>\n<\/tr>\n<tr>\n<td>31<\/td>\n<td><strong>D\u2019AGOSTINO<\/strong>, Ramiro<\/td>\n<td>DELTA R.C.<\/td>\n<td>Fullback<\/td>\n<\/tr>\n<\/tbody>\n<\/table>\n<\/figure>\n","protected":false},"excerpt":{"rendered":"<p>Concluidas las tres semanas de pretemporada, en las cuales fueron evaluados 39 jugadores, el head-coach Ignacio Fern\u00e1ndez Lobbe eligi\u00f3 el<\/p>\n","protected":false},"author":2,"featured_media":29763,"comment_status":"open","ping_status":"open","sticky":false,"template":"","format":"standard","meta":{"footnotes":""},"categories":[24,2],"tags":[],"class_list":["post-29762","post","type-post","status-publish","format-standard","has-post-thumbnail","hentry","category-noticias-destacadas","category-rugby"],"cc_featured_image_caption":{"caption_text":"Mayco Vivas durante la pretemporada (foto Jaguares oficial).","source_text":"","source_url":""},"_links":{"self":[{"href":"https:\/\/todoapulmon-rafaela.com\/index.php\/wp-json\/wp\/v2\/posts\/29762"}],"collection":[{"href":"https:\/\/todoapulmon-rafaela.com\/index.php\/wp-json\/wp\/v2\/posts"}],"about":[{"href":"https:\/\/todoapulmon-rafaela.com\/index.php\/wp-json\/wp\/v2\/types\/post"}],"author":[{"embeddable":true,"href":"https:\/\/todoapulmon-rafaela.com\/index.php\/wp-json\/wp\/v2\/users\/2"}],"replies":[{"embeddable":true,"href":"https:\/\/todoapulmon-rafaela.com\/index.php\/wp-json\/wp\/v2\/comments?post=29762"}],"version-history":[{"count":1,"href":"https:\/\/todoapulmon-rafaela.com\/index.php\/wp-json\/wp\/v2\/posts\/29762\/revisions"}],"predecessor-version":[{"id":29765,"href":"https:\/\/todoapulmon-rafaela.com\/index.php\/wp-json\/wp\/v2\/posts\/29762\/revisions\/29765"}],"wp:featuredmedia":[{"embeddable":true,"href":"https:\/\/todoapulmon-rafaela.com\/index.php\/wp-json\/wp\/v2\/media\/29763"}],"wp:attachment":[{"href":"https:\/\/todoapulmon-rafaela.com\/index.php\/wp-json\/wp\/v2\/media?parent=29762"}],"wp:term":[{"taxonomy":"category","embeddable":true,"href":"https:\/\/todoapulmon-rafaela.com\/index.php\/wp-json\/wp\/v2\/categories?post=29762"},{"taxonomy":"post_tag","embeddable":true,"href":"https:\/\/todoapulmon-rafaela.com\/index.php\/wp-json\/wp\/v2\/tags?post=29762"}],"curies":[{"name":"wp","href":"https:\/\/api.w.org\/{rel}","templated":true}]}}