{"id":29759,"date":"2022-03-02T17:08:16","date_gmt":"2022-03-02T17:08:16","guid":{"rendered":"https:\/\/todoapulmon-rafaela.com\/?p=29759"},"modified":"2022-03-02T17:08:16","modified_gmt":"2022-03-02T17:08:16","slug":"estan-las-fechas-de-provinciales-y-federativos","status":"publish","type":"post","link":"https:\/\/todoapulmon-rafaela.com\/index.php\/2022\/03\/02\/estan-las-fechas-de-provinciales-y-federativos\/","title":{"rendered":"Est\u00e1n las fechas de Provinciales y Federativos"},"content":{"rendered":"<p>Se realizaron el s\u00e1bado pasado las Asambleas ordinaria y extraordinaria de la Federaci\u00f3n de B\u00e1squetbol de la Provincial de Santa Fe y se definieron cuestiones importantes de los diferentes cert\u00e1menes para el a\u00f1o 2022. De lo deportivo, lo saliente pasa por haberse fijado las fechas de los torneos Interasociaciones y de los Federativos de Clubes.<\/p>\n<p>Cabe acotar que la Asociaci\u00f3n Rafaelina organizar\u00e1 el Provincial U21 masculino, los d\u00edas 8 y 9 de octubre.<\/p>\n<p><strong>CALENDARIO DE INTERASOCIACIONES<\/strong><\/p>\n<p>U16 FEMENINO 14\/15 MAYO CA\u00d1ADENSE<\/p>\n<p>U14 FEMENINO 17\/18 SEPTIEMBRE VENADENSE<\/p>\n<p>U18 FEMENINO 29\/30 OCTUBRE\u00a0 SANTAFESINA<\/p>\n<p>PRIMERA FEMENINO 1\/2 OCTUBRE\u00a0 NOROESTE<\/p>\n<p>U18 MASCULINO 18\/19\/20 JUNIO NOROESTE<\/p>\n<p>U16 MASCULINO 13\/14\/15 AGOSTO OESTE SANTAFESINO<\/p>\n<p>U21 MASCULINO 8\/9\/10 OCTUBRE RAFAELINA<\/p>\n<p>U14 MASCULINO 19\/20\/21 NOVIEMBRE RECONQUISTENSE<\/p>\n<p>PRIMERA MASCULINO 22\/23\/24 JULIO SANTAFESINA<\/p>\n<p><strong>FEDERATIVO DE CLUBES<\/strong><\/p>\n<p>U16 FEMENINO: anota hasta el 6 de mayo, sortea 10 de mayo. Ida 22 y 29 mayo. Vuelta: 24 y 31 julio.<\/p>\n<p>U14 FEMENINO: anota hasta 25 de julio y sortea 28 de julio. Ida: 14 de agosto. Vuelta: 7 de septiembre<\/p>\n<p>U18 FEMENINO: anota hasta el 15 de abril y sortea el 19 de abril. Ida 1 y 8 de mayo. Vuelta: 19 de junio.<\/p>\n<p>U18 MASCULINO: anota hasta el 21 de marzo y sortea 24 de marzo. Ida 3 y 10 de abril. Vuelta 8 y 15 de mayo.<\/p>\n<p>U16 MASCULINO: anota hasta el 11 de abril y sortea el 13 de abril. Ida 24 de abril y 1 de mayo. Vuelta: 22 y 29 de mayo<\/p>\n<p>U 21 MASCULINO: anota hasta el 11 julio y sortea 18 de julio. Ida 31 de julio.Vuelta: 28 de agosto<\/p>\n<p>U14 MASCULINO: anota hasta el 6 de junio y sortea el 13 de junio. Ida 26 de junio y vuelta 7 de agosto.<\/p>\n<p>&nbsp;<\/p>\n","protected":false},"excerpt":{"rendered":"<p>Se realizaron el s\u00e1bado pasado las Asambleas ordinaria y extraordinaria de la Federaci\u00f3n de B\u00e1squetbol de la Provincial de Santa<\/p>\n","protected":false},"author":2,"featured_media":29760,"comment_status":"open","ping_status":"open","sticky":false,"template":"","format":"standard","meta":{"footnotes":""},"categories":[5,24],"tags":[],"class_list":["post-29759","post","type-post","status-publish","format-standard","has-post-thumbnail","hentry","category-basquet","category-noticias-destacadas"],"cc_featured_image_caption":{"caption_text":"Un momento de la Asamblea en la Federaci\u00f3n (foto febasantafe.com.ar).","source_text":"","source_url":""},"_links":{"self":[{"href":"https:\/\/todoapulmon-rafaela.com\/index.php\/wp-json\/wp\/v2\/posts\/29759"}],"collection":[{"href":"https:\/\/todoapulmon-rafaela.com\/index.php\/wp-json\/wp\/v2\/posts"}],"about":[{"href":"https:\/\/todoapulmon-rafaela.com\/index.php\/wp-json\/wp\/v2\/types\/post"}],"author":[{"embeddable":true,"href":"https:\/\/todoapulmon-rafaela.com\/index.php\/wp-json\/wp\/v2\/users\/2"}],"replies":[{"embeddable":true,"href":"https:\/\/todoapulmon-rafaela.com\/index.php\/wp-json\/wp\/v2\/comments?post=29759"}],"version-history":[{"count":1,"href":"https:\/\/todoapulmon-rafaela.com\/index.php\/wp-json\/wp\/v2\/posts\/29759\/revisions"}],"predecessor-version":[{"id":29761,"href":"https:\/\/todoapulmon-rafaela.com\/index.php\/wp-json\/wp\/v2\/posts\/29759\/revisions\/29761"}],"wp:featuredmedia":[{"embeddable":true,"href":"https:\/\/todoapulmon-rafaela.com\/index.php\/wp-json\/wp\/v2\/media\/29760"}],"wp:attachment":[{"href":"https:\/\/todoapulmon-rafaela.com\/index.php\/wp-json\/wp\/v2\/media?parent=29759"}],"wp:term":[{"taxonomy":"category","embeddable":true,"href":"https:\/\/todoapulmon-rafaela.com\/index.php\/wp-json\/wp\/v2\/categories?post=29759"},{"taxonomy":"post_tag","embeddable":true,"href":"https:\/\/todoapulmon-rafaela.com\/index.php\/wp-json\/wp\/v2\/tags?post=29759"}],"curies":[{"name":"wp","href":"https:\/\/api.w.org\/{rel}","templated":true}]}}