{"id":29725,"date":"2022-03-01T02:08:29","date_gmt":"2022-03-01T02:08:29","guid":{"rendered":"https:\/\/todoapulmon-rafaela.com\/?p=29725"},"modified":"2022-03-01T02:08:29","modified_gmt":"2022-03-01T02:08:29","slug":"la-escuelita-de-pelota-a-paleta-inicia-sus-actividades-en-el-predio-del-autodromo","status":"publish","type":"post","link":"https:\/\/todoapulmon-rafaela.com\/index.php\/2022\/03\/01\/la-escuelita-de-pelota-a-paleta-inicia-sus-actividades-en-el-predio-del-autodromo\/","title":{"rendered":"La Escuelita de Pelota a Paleta inicia sus actividades en el predio del aut\u00f3dromo"},"content":{"rendered":"<p>La subcomisi\u00f3n de Pelota Paleta de Atl\u00e9tico de Rafaela informa que el d\u00eda lunes 7 de marzo comenzar\u00e1 la actividad de la Escuela de Pelota Paleta, para ni\u00f1os y ni\u00f1as a partir de los 7 a\u00f1os (no excluyente), desarroll\u00e1ndose las clases los d\u00edas lunes, mi\u00e9rcoles y viernes de 18.00 a 19.30 hs. en las instalaciones del front\u00f3n sito en el interior del Aut\u00f3dromo \u00abCiudad de Rafaela\u00bb.<\/p>\n<p>El dictado de las mismas estar\u00e1 a cargo del Prof. de Educaci\u00f3n F\u00edsica Daniel Bima y se programar\u00e1 para este a\u00f1o (si la situaci\u00f3n sanitaria lo permite) la participaci\u00f3n en torneos provinciales, encuentro de escuelitas en distintas localidades, torneos internos y finalizando con encuentro\/campamento en Rafaela con la concurrencia de varias escuelitas de distintas provincias.<\/p>\n<p>-En el transcurso de las pr\u00f3ximas jornadas se informar\u00e1 los d\u00edas y horarios del inicio de la escuela para j\u00f3venes y adultos de ambos sexos.<\/p>\n<p>-Se recuerda que las clases son totalmente gratuitas para los alumnos y para ambos sexos.<\/p>\n<p>-Para cualquier informaci\u00f3n dirigirse a la secretar\u00eda de club o a los TE: 3492 520197 (D. Bima) \u2013 3492 603475 (P. Vaca) &#8211; 03492 417916 (C. Emmert) &#8211; 3492 682975 (M. Montoya).<\/p>\n","protected":false},"excerpt":{"rendered":"<p>La subcomisi\u00f3n de Pelota Paleta de Atl\u00e9tico de Rafaela informa que el d\u00eda lunes 7 de marzo comenzar\u00e1 la actividad<\/p>\n","protected":false},"author":2,"featured_media":27752,"comment_status":"open","ping_status":"open","sticky":false,"template":"","format":"standard","meta":{"footnotes":""},"categories":[1],"tags":[],"class_list":["post-29725","post","type-post","status-publish","format-standard","has-post-thumbnail","hentry","category-sin-categoria"],"cc_featured_image_caption":{"caption_text":"Pelotaris de la Escuelita en un encuentro realizado el a\u00f1o pasado.","source_text":"","source_url":""},"_links":{"self":[{"href":"https:\/\/todoapulmon-rafaela.com\/index.php\/wp-json\/wp\/v2\/posts\/29725"}],"collection":[{"href":"https:\/\/todoapulmon-rafaela.com\/index.php\/wp-json\/wp\/v2\/posts"}],"about":[{"href":"https:\/\/todoapulmon-rafaela.com\/index.php\/wp-json\/wp\/v2\/types\/post"}],"author":[{"embeddable":true,"href":"https:\/\/todoapulmon-rafaela.com\/index.php\/wp-json\/wp\/v2\/users\/2"}],"replies":[{"embeddable":true,"href":"https:\/\/todoapulmon-rafaela.com\/index.php\/wp-json\/wp\/v2\/comments?post=29725"}],"version-history":[{"count":1,"href":"https:\/\/todoapulmon-rafaela.com\/index.php\/wp-json\/wp\/v2\/posts\/29725\/revisions"}],"predecessor-version":[{"id":29726,"href":"https:\/\/todoapulmon-rafaela.com\/index.php\/wp-json\/wp\/v2\/posts\/29725\/revisions\/29726"}],"wp:featuredmedia":[{"embeddable":true,"href":"https:\/\/todoapulmon-rafaela.com\/index.php\/wp-json\/wp\/v2\/media\/27752"}],"wp:attachment":[{"href":"https:\/\/todoapulmon-rafaela.com\/index.php\/wp-json\/wp\/v2\/media?parent=29725"}],"wp:term":[{"taxonomy":"category","embeddable":true,"href":"https:\/\/todoapulmon-rafaela.com\/index.php\/wp-json\/wp\/v2\/categories?post=29725"},{"taxonomy":"post_tag","embeddable":true,"href":"https:\/\/todoapulmon-rafaela.com\/index.php\/wp-json\/wp\/v2\/tags?post=29725"}],"curies":[{"name":"wp","href":"https:\/\/api.w.org\/{rel}","templated":true}]}}