{"id":29651,"date":"2022-02-24T16:43:01","date_gmt":"2022-02-24T16:43:01","guid":{"rendered":"https:\/\/todoapulmon-rafaela.com\/?p=29651"},"modified":"2022-02-24T16:43:59","modified_gmt":"2022-02-24T16:43:59","slug":"el-coi-condeno-el-incumplimiento-de-rusia-a-la-tregua-olimpica","status":"publish","type":"post","link":"https:\/\/todoapulmon-rafaela.com\/index.php\/2022\/02\/24\/el-coi-condeno-el-incumplimiento-de-rusia-a-la-tregua-olimpica\/","title":{"rendered":"El COI conden\u00f3 el incumplimiento de Rusia a la tregua ol\u00edmpica"},"content":{"rendered":"<p>El Comit\u00e9 Ol\u00edmpico Internacional (COI) conden\u00f3 hoy \u00aben\u00e9rgicamente\u00bb lo que considera \u00abel incumplimiento de la tregua ol\u00edmpica por parte del gobierno ruso\u00bb. Tras los ataques de esta madrugada por parte de Rusia a varios enclaves ucranianos, el COI record\u00f3 la resoluci\u00f3n adoptada por la Asamblea General de Naciones Unidas el 2 de diciembre de 2021, por consenso de los 193 Estados miembros de la ONU.<\/p>\n<p>\u00abLa Tregua Ol\u00edmpica comenz\u00f3 siete d\u00edas antes del inicio de los Juegos Ol\u00edmpicos, el 4 de febrero de 2022, y termina siete d\u00edas despu\u00e9s de la clausura de los Juegos Paral\u00edmpicos\u00bb, que se cierran el 13 de marzo, destac\u00f3 en un comunicado.<\/p>\n<p>Seg\u00fan el COI, su presidente Thomas Bach reitera \u00abel llamamiento a la paz que expres\u00f3 en sus discursos de la Ceremonia de Apertura y de la Ceremonia de Clausura de los Juegos Ol\u00edmpicos\u00bb. \u00abTras los recientes acontecimientos, el COI est\u00e1 profundamente preocupado por la seguridad de la comunidad ol\u00edmpica en Ucrania. Ha creado un grupo de trabajo para seguir de cerca la situaci\u00f3n y coordinar la asistencia humanitaria a los miembros de la Comunidad Ol\u00edmpica en Ucrania cuando sea posible\u00bb, indic\u00f3 en su nota.<\/p>\n","protected":false},"excerpt":{"rendered":"<p>El Comit\u00e9 Ol\u00edmpico Internacional (COI) conden\u00f3 hoy \u00aben\u00e9rgicamente\u00bb lo que considera \u00abel incumplimiento de la tregua ol\u00edmpica por parte del<\/p>\n","protected":false},"author":2,"featured_media":29653,"comment_status":"open","ping_status":"open","sticky":false,"template":"","format":"standard","meta":{"footnotes":""},"categories":[24],"tags":[],"class_list":["post-29651","post","type-post","status-publish","format-standard","has-post-thumbnail","hentry","category-noticias-destacadas"],"cc_featured_image_caption":{"caption_text":"Thomas Bach, presidente del Comit\u00e9 Ol\u00edmpico Internacional, en la declaraci\u00f3n. (Foto agencia EFE).","source_text":"","source_url":""},"_links":{"self":[{"href":"https:\/\/todoapulmon-rafaela.com\/index.php\/wp-json\/wp\/v2\/posts\/29651"}],"collection":[{"href":"https:\/\/todoapulmon-rafaela.com\/index.php\/wp-json\/wp\/v2\/posts"}],"about":[{"href":"https:\/\/todoapulmon-rafaela.com\/index.php\/wp-json\/wp\/v2\/types\/post"}],"author":[{"embeddable":true,"href":"https:\/\/todoapulmon-rafaela.com\/index.php\/wp-json\/wp\/v2\/users\/2"}],"replies":[{"embeddable":true,"href":"https:\/\/todoapulmon-rafaela.com\/index.php\/wp-json\/wp\/v2\/comments?post=29651"}],"version-history":[{"count":1,"href":"https:\/\/todoapulmon-rafaela.com\/index.php\/wp-json\/wp\/v2\/posts\/29651\/revisions"}],"predecessor-version":[{"id":29652,"href":"https:\/\/todoapulmon-rafaela.com\/index.php\/wp-json\/wp\/v2\/posts\/29651\/revisions\/29652"}],"wp:featuredmedia":[{"embeddable":true,"href":"https:\/\/todoapulmon-rafaela.com\/index.php\/wp-json\/wp\/v2\/media\/29653"}],"wp:attachment":[{"href":"https:\/\/todoapulmon-rafaela.com\/index.php\/wp-json\/wp\/v2\/media?parent=29651"}],"wp:term":[{"taxonomy":"category","embeddable":true,"href":"https:\/\/todoapulmon-rafaela.com\/index.php\/wp-json\/wp\/v2\/categories?post=29651"},{"taxonomy":"post_tag","embeddable":true,"href":"https:\/\/todoapulmon-rafaela.com\/index.php\/wp-json\/wp\/v2\/tags?post=29651"}],"curies":[{"name":"wp","href":"https:\/\/api.w.org\/{rel}","templated":true}]}}