{"id":29602,"date":"2022-02-21T01:53:16","date_gmt":"2022-02-21T01:53:16","guid":{"rendered":"https:\/\/todoapulmon-rafaela.com\/?p=29602"},"modified":"2022-02-21T01:53:16","modified_gmt":"2022-02-21T01:53:16","slug":"jornada-de-integracion-en-la-granja-el-ceibo","status":"publish","type":"post","link":"https:\/\/todoapulmon-rafaela.com\/index.php\/2022\/02\/21\/jornada-de-integracion-en-la-granja-el-ceibo\/","title":{"rendered":"Jornada de integraci\u00f3n en la Granja El Ceibo"},"content":{"rendered":"<div>En las instalaciones del predio de la Granja El Ceibo, se llev\u00f3 a cabo una jornada integradora donde adolescentes y j\u00f3venes con y sin discapacidad, disfrutaron de juegos, entretenimientos, canciones, cena, fog\u00f3n y premios. Fue organizada por la Red de Juventudes, perteneciente a la subsecretar\u00eda de Deportes y Recreaci\u00f3n y a la secretar\u00eda de Desarrollo Humano, junto a la Comisi\u00f3n de Asesora Municipal para Personas con Discapacidad, y el acompa\u00f1amiento de integrantes de la Fundaci\u00f3n Hogar-Granja El Ceibo.<\/div>\n<div><\/div>\n<div>El equipo de profesores del programa Red de Juventudes \u201cLa Pile\u201d tuvo a cargo la conducci\u00f3n del evento, que se desarroll\u00f3 con los objetivos de fomentar la participaci\u00f3n en experiencias de convivencia en un ambiente natural que implique el acuerdo de normas de interacci\u00f3n, higiene y seguridad para promover el disfrute de todos y todas; la participaci\u00f3n en actividades ludo motrices individuales y grupales; la apropiaci\u00f3n del sentido colaborativo, cooperativo, de inclusi\u00f3n y disfrute de las pr\u00e1cticas corporales, recreativas y en grupo; y la experiencia de integrarse con pares en diversas pr\u00e1cticas corporales, ludo motrices y deportivas con sentido recreativo.<\/div>\n<div><\/div>\n<div>La secretaria de Desarrollo Humano, Myriam Villafa\u00f1e, asisti\u00f3 al lugar y coment\u00f3: \u201cEstamos en el predio de la Granja El Ceibo en una jornada integradora entre las y los adolescentes y j\u00f3venes que vienen a la Red de Juventudes, de un programa que pertenece a la subsecretar\u00eda de Deportes y Recreaci\u00f3n. Est\u00e1n aqu\u00ed presentes tambi\u00e9n personas con discapacidad que vinieron durante este per\u00edodo de tiempo a la colonia de vacaciones, organizada justamente por la Comisi\u00f3n Asesora Municipal para Personas con Discapacidad\u201d.<\/div>\n<div><\/div>\n<div>Adem\u00e1s, agreg\u00f3 que \u201choy es una jornada recreativa, de encuentro. Van a compartir una comida entre todos, y en este momento se est\u00e1n desarrollando distintas actividades deportivas y recreativas, donde justamente fomentamos la inclusi\u00f3n de personas con y sin discapacidad\u201d.<\/div>\n<div><\/div>\n<div>\u201cEstamos muy contentos porque hemos logrado lo que siempre queremos, que es igualar algunas de estas actividades y poder brind\u00e1rselas a distintos grupos de j\u00f3venes y adolescentes que participan de los talleres que se desarrollan en este predio\u201d; cerr\u00f3 Myriam Villafa\u00f1e.<\/div>\n<div><\/div>\n<div>Por su parte, Sonia Falkenberg, una de las responsables de la Fundaci\u00f3n Hogar-Granja El Ceibo, destac\u00f3: \u201cEs un d\u00eda muy importante, como lo fue en el primer per\u00edodo donde tambi\u00e9n se hizo una jornada integradora. Si bien el per\u00edodo fue dividido en dos grupos por la cantidad de chicos para cumplir con los protocolos, para esta jornada se juntaron los dos. Desde hace mucho tiempo, desde la Granja se trata de hacer este tipo de eventos\u201d.<\/div>\n","protected":false},"excerpt":{"rendered":"<p>En las instalaciones del predio de la Granja El Ceibo, se llev\u00f3 a cabo una jornada integradora donde adolescentes y<\/p>\n","protected":false},"author":2,"featured_media":0,"comment_status":"open","ping_status":"open","sticky":false,"template":"","format":"standard","meta":{"footnotes":""},"categories":[1],"tags":[],"class_list":["post-29602","post","type-post","status-publish","format-standard","hentry","category-sin-categoria"],"cc_featured_image_caption":{"caption_text":"","source_text":"","source_url":""},"_links":{"self":[{"href":"https:\/\/todoapulmon-rafaela.com\/index.php\/wp-json\/wp\/v2\/posts\/29602"}],"collection":[{"href":"https:\/\/todoapulmon-rafaela.com\/index.php\/wp-json\/wp\/v2\/posts"}],"about":[{"href":"https:\/\/todoapulmon-rafaela.com\/index.php\/wp-json\/wp\/v2\/types\/post"}],"author":[{"embeddable":true,"href":"https:\/\/todoapulmon-rafaela.com\/index.php\/wp-json\/wp\/v2\/users\/2"}],"replies":[{"embeddable":true,"href":"https:\/\/todoapulmon-rafaela.com\/index.php\/wp-json\/wp\/v2\/comments?post=29602"}],"version-history":[{"count":1,"href":"https:\/\/todoapulmon-rafaela.com\/index.php\/wp-json\/wp\/v2\/posts\/29602\/revisions"}],"predecessor-version":[{"id":29603,"href":"https:\/\/todoapulmon-rafaela.com\/index.php\/wp-json\/wp\/v2\/posts\/29602\/revisions\/29603"}],"wp:attachment":[{"href":"https:\/\/todoapulmon-rafaela.com\/index.php\/wp-json\/wp\/v2\/media?parent=29602"}],"wp:term":[{"taxonomy":"category","embeddable":true,"href":"https:\/\/todoapulmon-rafaela.com\/index.php\/wp-json\/wp\/v2\/categories?post=29602"},{"taxonomy":"post_tag","embeddable":true,"href":"https:\/\/todoapulmon-rafaela.com\/index.php\/wp-json\/wp\/v2\/tags?post=29602"}],"curies":[{"name":"wp","href":"https:\/\/api.w.org\/{rel}","templated":true}]}}