{"id":29565,"date":"2022-02-18T23:23:47","date_gmt":"2022-02-18T23:23:47","guid":{"rendered":"https:\/\/todoapulmon-rafaela.com\/?p=29565"},"modified":"2022-02-18T23:23:47","modified_gmt":"2022-02-18T23:23:47","slug":"chiaraviglio-lidera-el-equipo-argentino-en-el-sudamericano-indoor","status":"publish","type":"post","link":"https:\/\/todoapulmon-rafaela.com\/index.php\/2022\/02\/18\/chiaraviglio-lidera-el-equipo-argentino-en-el-sudamericano-indoor\/","title":{"rendered":"Chiaraviglio lidera el equipo argentino en el Sudamericano Indoor"},"content":{"rendered":"<p>El atleta santafesino Germ\u00e1n Chiaraviglio, finalista de salto con garrocha en los Juegos Ol\u00edmpicos de R\u00edo de Janeiro 2016 y en el Mundial Beijing 2015, competir\u00e1 este s\u00e1bado en el II Campeonato Sudamericano bajo techo (indoor), de Cochabamba, Bolivia, que finalizar\u00e1 el domingo.<br \/>\nChiraviglio, de 34 a\u00f1os, m\u00e1xima figura de la delegaci\u00f3n argentina que competir\u00e1 en el torneo, se consagr\u00f3 campe\u00f3n sudamericano de atletismo indoor (bajo techo) en Cochabamba, el 2 de febrero de 2020, con una marca de 5,50 metros. \u00abMi objetivo es lograr una medalla. Hay brasile\u00f1os de nivel como Augusto Dutra y mi intenci\u00f3n es ser competitivo con ellos\u00bb, reconoci\u00f3 Chiaraviglio en declaraciones a la agencia T\u00e9lam desde Bolivia.<br \/>\nLos otros deportistas que competir\u00e1n son Florencia Lamboglia (60m), Martina Escudero (800 mts); Valentina Polanco (60v) y Noelia Mart\u00ednez (400 mts), Franco Florio (60 m), Carlos Layoy (alto); Ignacio Carballo (Bala); Maximiliano D\u00edaz (triple) y Agust\u00edn Carrera (60v).<br \/>\nEn el torneo participar\u00e1n m\u00e1s de 130 atletas de Argentina, Brasil, Chile, Colombia Ecuador, Guyana, Panam\u00e1, Paraguay, Per\u00fa, Uruguay, Surinam, Venezuela y Bolivia, adem\u00e1s de los invitados Rep\u00fablica Dominicana y Puerto Rico.<br \/>\nPor otra parte, hoy, en Gran Prix Indoor \u00abJ\u00fcrgen Berot\u00bb, en Cochabamba, el argentino Agust\u00edn Carrera gan\u00f3 la medalla de oro en 60 metros con vallas con un tiempo de 7s92. Tambi\u00e9n se impuso Ignacio Carballo en lanzamiento de bala con 18,52 m.<\/p>\n","protected":false},"excerpt":{"rendered":"<p>El atleta santafesino Germ\u00e1n Chiaraviglio, finalista de salto con garrocha en los Juegos Ol\u00edmpicos de R\u00edo de Janeiro 2016 y<\/p>\n","protected":false},"author":2,"featured_media":29566,"comment_status":"open","ping_status":"open","sticky":false,"template":"","format":"standard","meta":{"footnotes":""},"categories":[7,24],"tags":[],"class_list":["post-29565","post","type-post","status-publish","format-standard","has-post-thumbnail","hentry","category-atletismo","category-noticias-destacadas"],"cc_featured_image_caption":{"caption_text":"","source_text":"","source_url":""},"_links":{"self":[{"href":"https:\/\/todoapulmon-rafaela.com\/index.php\/wp-json\/wp\/v2\/posts\/29565"}],"collection":[{"href":"https:\/\/todoapulmon-rafaela.com\/index.php\/wp-json\/wp\/v2\/posts"}],"about":[{"href":"https:\/\/todoapulmon-rafaela.com\/index.php\/wp-json\/wp\/v2\/types\/post"}],"author":[{"embeddable":true,"href":"https:\/\/todoapulmon-rafaela.com\/index.php\/wp-json\/wp\/v2\/users\/2"}],"replies":[{"embeddable":true,"href":"https:\/\/todoapulmon-rafaela.com\/index.php\/wp-json\/wp\/v2\/comments?post=29565"}],"version-history":[{"count":1,"href":"https:\/\/todoapulmon-rafaela.com\/index.php\/wp-json\/wp\/v2\/posts\/29565\/revisions"}],"predecessor-version":[{"id":29567,"href":"https:\/\/todoapulmon-rafaela.com\/index.php\/wp-json\/wp\/v2\/posts\/29565\/revisions\/29567"}],"wp:featuredmedia":[{"embeddable":true,"href":"https:\/\/todoapulmon-rafaela.com\/index.php\/wp-json\/wp\/v2\/media\/29566"}],"wp:attachment":[{"href":"https:\/\/todoapulmon-rafaela.com\/index.php\/wp-json\/wp\/v2\/media?parent=29565"}],"wp:term":[{"taxonomy":"category","embeddable":true,"href":"https:\/\/todoapulmon-rafaela.com\/index.php\/wp-json\/wp\/v2\/categories?post=29565"},{"taxonomy":"post_tag","embeddable":true,"href":"https:\/\/todoapulmon-rafaela.com\/index.php\/wp-json\/wp\/v2\/tags?post=29565"}],"curies":[{"name":"wp","href":"https:\/\/api.w.org\/{rel}","templated":true}]}}