{"id":29544,"date":"2022-02-17T12:50:13","date_gmt":"2022-02-17T12:50:13","guid":{"rendered":"https:\/\/todoapulmon-rafaela.com\/?p=29544"},"modified":"2022-02-17T12:55:32","modified_gmt":"2022-02-17T12:55:32","slug":"el-seleccionado-usr-con-masiva-presencia-rafaelina-tendra-otro-amistoso","status":"publish","type":"post","link":"https:\/\/todoapulmon-rafaela.com\/index.php\/2022\/02\/17\/el-seleccionado-usr-con-masiva-presencia-rafaelina-tendra-otro-amistoso\/","title":{"rendered":"El seleccionado USR, con masiva presencia rafaelina, tendr\u00e1 otro amistoso"},"content":{"rendered":"<p>El pasado s\u00e1bado el seleccionado juvenil de la Uni\u00f3n Santafesina de Rugby disput\u00f3 su primer encuentro de preparaci\u00f3n en Mendoza frente al seleccionado de Cuyo, como preparaci\u00f3n para el Campeonato Argentino M18 que volver\u00e1 a realizarse en Santa Fe, del 4 al 6 de marzo. En las instalaciones de Marista, se disputaron cinco tiempos de 20 minutos d\u00e1ndole cabida a todo el plantel para que el cuerpo t\u00e9cnico encabezado por Mart\u00edn Valentinuzzi, y con el rafaelino Diego Acosta como uno de sus integrantes, puedan realizar el an\u00e1lisis respectivo.<\/p>\n<p>La continuidad del rodaje seguir\u00e1 el s\u00e1bado 19, desde las 11 de la ma\u00f1ana, en las instalaciones de CRAI, frente al seleccionado de la Uni\u00f3n del Nordeste y ser\u00e1 nuevamente bajo el formato de cinco tiempos de veinte minutos cada uno. En tanto, el jueves 24 se medir\u00e1 con la Uni\u00f3n Entrerriana en Universitario.<\/p>\n<p>El plantel se ha achicado a 37 jugadores luego de la gira mendocina, algo natural a medida que se va acercando la fecha del campeonato.<\/p>\n<p>Los fowards convocados son los siguientes: Lautaro Labath, Gonzalo Liendo, Ger\u00f3nimo Valdez, Ger\u00f3nimo Ferreyra, Ignacio Oyola, Joaqu\u00edn Astesano (CRAR), Marcos Leguizam\u00f3n, Agust\u00edn Lovera, Franciso Ambort (CRAR), M\u00e1ximo Yuale, Tom\u00e1s Borgari, Gino Capisano, Ger\u00f3nimo Sastre, Agust\u00edn Narv\u00e1ez (CRAR), Mateo Schmidt, Luigi Crocce, Francisco Ferrante, Ian Milocco, Lucas Canelo (CRAR) y Gonz\u00e1lo Clemenz (CRAR).<\/p>\n<p>Por su parte, en los backs continuar\u00e1n: Agust\u00edn Kohlbrener, Genaro Giombi, Mat\u00edas Francomano, Mart\u00edn Maignien, Franco Foradini, Luciano Villafa\u00f1e, Tom\u00e1s Ferrero (CRAR), Maximiliano Tinembart, Emiliano Lizasoain, Augusto Funes, Santiago Hothan, Mateo Fauda, Pedro Berardi, Santiago Mendicino y Fabricio Machado (CRAR).<\/p>\n","protected":false},"excerpt":{"rendered":"<p>El pasado s\u00e1bado el seleccionado juvenil de la Uni\u00f3n Santafesina de Rugby disput\u00f3 su primer encuentro de preparaci\u00f3n en Mendoza<\/p>\n","protected":false},"author":2,"featured_media":29546,"comment_status":"open","ping_status":"open","sticky":false,"template":"","format":"standard","meta":{"footnotes":""},"categories":[24,2],"tags":[],"class_list":["post-29544","post","type-post","status-publish","format-standard","has-post-thumbnail","hentry","category-noticias-destacadas","category-rugby"],"cc_featured_image_caption":{"caption_text":"Los jugadores de CRAR que integraron la delegaci\u00f3n el fin de semana pasado (foto prensa CRAR).","source_text":"","source_url":""},"_links":{"self":[{"href":"https:\/\/todoapulmon-rafaela.com\/index.php\/wp-json\/wp\/v2\/posts\/29544"}],"collection":[{"href":"https:\/\/todoapulmon-rafaela.com\/index.php\/wp-json\/wp\/v2\/posts"}],"about":[{"href":"https:\/\/todoapulmon-rafaela.com\/index.php\/wp-json\/wp\/v2\/types\/post"}],"author":[{"embeddable":true,"href":"https:\/\/todoapulmon-rafaela.com\/index.php\/wp-json\/wp\/v2\/users\/2"}],"replies":[{"embeddable":true,"href":"https:\/\/todoapulmon-rafaela.com\/index.php\/wp-json\/wp\/v2\/comments?post=29544"}],"version-history":[{"count":3,"href":"https:\/\/todoapulmon-rafaela.com\/index.php\/wp-json\/wp\/v2\/posts\/29544\/revisions"}],"predecessor-version":[{"id":29548,"href":"https:\/\/todoapulmon-rafaela.com\/index.php\/wp-json\/wp\/v2\/posts\/29544\/revisions\/29548"}],"wp:featuredmedia":[{"embeddable":true,"href":"https:\/\/todoapulmon-rafaela.com\/index.php\/wp-json\/wp\/v2\/media\/29546"}],"wp:attachment":[{"href":"https:\/\/todoapulmon-rafaela.com\/index.php\/wp-json\/wp\/v2\/media?parent=29544"}],"wp:term":[{"taxonomy":"category","embeddable":true,"href":"https:\/\/todoapulmon-rafaela.com\/index.php\/wp-json\/wp\/v2\/categories?post=29544"},{"taxonomy":"post_tag","embeddable":true,"href":"https:\/\/todoapulmon-rafaela.com\/index.php\/wp-json\/wp\/v2\/tags?post=29544"}],"curies":[{"name":"wp","href":"https:\/\/api.w.org\/{rel}","templated":true}]}}