{"id":29460,"date":"2022-02-11T13:38:18","date_gmt":"2022-02-11T13:38:18","guid":{"rendered":"https:\/\/todoapulmon-rafaela.com\/?p=29460"},"modified":"2022-02-11T13:38:18","modified_gmt":"2022-02-11T13:38:18","slug":"ignacio-sapino-fue-convocado-para-una-concentracion-juvenil","status":"publish","type":"post","link":"https:\/\/todoapulmon-rafaela.com\/index.php\/2022\/02\/11\/ignacio-sapino-fue-convocado-para-una-concentracion-juvenil\/","title":{"rendered":"Ignacio Sapino fue convocado para una concentraci\u00f3n juvenil"},"content":{"rendered":"<p>El C\u00edrculo Rafaelino de Rugby inform\u00f3 en sus redes sociales este viernes la convocatoria de su jugador Ignacio Sapino para participar de la Concentraci\u00f3n Nacional Juvenil, a desarrollarse en Ingeniero Maschwitz, entre el 20 y 24 de febrero pr\u00f3ximos. La UAR notific\u00f3 en las \u00faltimas horas a la Uni\u00f3n Santafesina de esta importante citaci\u00f3n.<\/p>\n<p>El tercera l\u00ednea, que el a\u00f1o pasado particip\u00f3 de los Inter Academias UAR, tendr\u00e1 de esta manera la oportunidad de seguir alimentando la posibilidad de entrar en la consideraci\u00f3n del entrenador Jos\u00e9 Pellicena, para los compromisos internacionales de Los Pumitas, estando previsto que este a\u00f1o pueda desarrollarse otra vez el Mundial de la categor\u00eda.<\/p>\n<p>Recordemos que por edad tambi\u00e9n puede estar en el seleccionado M20 su compa\u00f1ero del C\u00edrculo Rafaelino, Pedro Rubiolo, actualmente formando parte de la pretemporada de Jaguares XV -junto a Mayco Vivas- para la Superliga Americana.<\/p>\n<p>&nbsp;<\/p>\n","protected":false},"excerpt":{"rendered":"<p>El C\u00edrculo Rafaelino de Rugby inform\u00f3 en sus redes sociales este viernes la convocatoria de su jugador Ignacio Sapino para<\/p>\n","protected":false},"author":2,"featured_media":29461,"comment_status":"open","ping_status":"open","sticky":false,"template":"","format":"standard","meta":{"footnotes":""},"categories":[24,2],"tags":[],"class_list":["post-29460","post","type-post","status-publish","format-standard","has-post-thumbnail","hentry","category-noticias-destacadas","category-rugby"],"cc_featured_image_caption":{"caption_text":"Ignacio Sapino junto a Pedro Rubiolo.","source_text":"","source_url":""},"_links":{"self":[{"href":"https:\/\/todoapulmon-rafaela.com\/index.php\/wp-json\/wp\/v2\/posts\/29460"}],"collection":[{"href":"https:\/\/todoapulmon-rafaela.com\/index.php\/wp-json\/wp\/v2\/posts"}],"about":[{"href":"https:\/\/todoapulmon-rafaela.com\/index.php\/wp-json\/wp\/v2\/types\/post"}],"author":[{"embeddable":true,"href":"https:\/\/todoapulmon-rafaela.com\/index.php\/wp-json\/wp\/v2\/users\/2"}],"replies":[{"embeddable":true,"href":"https:\/\/todoapulmon-rafaela.com\/index.php\/wp-json\/wp\/v2\/comments?post=29460"}],"version-history":[{"count":1,"href":"https:\/\/todoapulmon-rafaela.com\/index.php\/wp-json\/wp\/v2\/posts\/29460\/revisions"}],"predecessor-version":[{"id":29462,"href":"https:\/\/todoapulmon-rafaela.com\/index.php\/wp-json\/wp\/v2\/posts\/29460\/revisions\/29462"}],"wp:featuredmedia":[{"embeddable":true,"href":"https:\/\/todoapulmon-rafaela.com\/index.php\/wp-json\/wp\/v2\/media\/29461"}],"wp:attachment":[{"href":"https:\/\/todoapulmon-rafaela.com\/index.php\/wp-json\/wp\/v2\/media?parent=29460"}],"wp:term":[{"taxonomy":"category","embeddable":true,"href":"https:\/\/todoapulmon-rafaela.com\/index.php\/wp-json\/wp\/v2\/categories?post=29460"},{"taxonomy":"post_tag","embeddable":true,"href":"https:\/\/todoapulmon-rafaela.com\/index.php\/wp-json\/wp\/v2\/tags?post=29460"}],"curies":[{"name":"wp","href":"https:\/\/api.w.org\/{rel}","templated":true}]}}