{"id":29457,"date":"2022-02-11T12:42:28","date_gmt":"2022-02-11T12:42:28","guid":{"rendered":"https:\/\/todoapulmon-rafaela.com\/?p=29457"},"modified":"2022-02-11T12:42:28","modified_gmt":"2022-02-11T12:42:28","slug":"entrenadores-y-horarios-de-las-formativas-de-ben-hur","status":"publish","type":"post","link":"https:\/\/todoapulmon-rafaela.com\/index.php\/2022\/02\/11\/entrenadores-y-horarios-de-las-formativas-de-ben-hur\/","title":{"rendered":"Entrenadores y horarios de las Formativas de Ben Hur"},"content":{"rendered":"<p>Ben Hur anunci\u00f3 el staff de entrenadores para todas las categor\u00edas del b\u00e1squet en la instituci\u00f3n, donde una de las novedades es que se sum\u00f3 Juan Andornino al Club. Las Formativas comenzar\u00e1n a entrenar el venidero lunes.<br \/>\n<strong>Primera Divisi\u00f3n:\u00a0<\/strong>Andr\u00e9s Mandrile: Entrenador; Javier Orosco: Preparador F\u00edsico. Horarios Entrenamiento 2022: lunes, mi\u00e9rcoles, jueves y viernes 20:30hs.<br \/>\n<strong>Formativas:<\/strong>\u00a0Juan Andornino: Entrenador Categor\u00edas U18, U16 y U14; Juan Segovia: Entrenador Categor\u00eda U13 y Auxiliar Categor\u00edas Mini y Premini; Daniel Yachelini: Entrenador Categor\u00edas Mini y Premini; Mar\u00eda Emilia Menna: Entrenadora Escuelita; Gabriel Ben\u00edtez: Preparador F\u00edsico.<br \/>\n<strong>Horarios Entrenamiento 2022:<\/strong>\u00a0U18: lunes y jueves (S) 19hs, martes y viernes 20 hs, mi\u00e9rcoles 18hs; U16: lunes y jueves (S) 19hs, martes y viernes 20 hs, mi\u00e9rcoles 18hs; U14: lunes y jueves (S) 18hs, martes, mi\u00e9rcoles y viernes 19hs. U13: lunes (S), martes (S) y mi\u00e9rcoles 19hs, jueves 20 hs y viernes 18hs. Mini: martes y mi\u00e9rcoles (S) 18 hs, viernes (S) 19hs. Premini: lunes (S), jueves y viernes (S) 18hs. Escuelita: lunes y mi\u00e9rcoles 18hs.<br \/>\n* (S): cancha de calle Saavedra.<\/p>\n<p>ESTE VIERNES POR LA LIGA PROVINCIAL<\/p>\n<p>La Liga Provincial masculina de mayores tendr\u00e1 durante este fin de semana continuidad con la disputa de la Reclasificaci\u00f3n, en que Ben Hur enfrentar\u00e1 hoy como visitante en el primer partido a Trebolense. El encuentro comenzar\u00e1 a las 21.30, con el arbitraje de Ra\u00fal Gasca, Cristian Steffanini y Leonardo Contreras. La otra serie ser\u00e1 entre Argentino de Firmat y Atenas de Venado Tuerto<br \/>\nLos ganadores de las series (al mejor de 3) se meter\u00e1n en los play offs con los 12 clasificados en la fase regular.<\/p>\n","protected":false},"excerpt":{"rendered":"<p>Ben Hur anunci\u00f3 el staff de entrenadores para todas las categor\u00edas del b\u00e1squet en la instituci\u00f3n, donde una de las<\/p>\n","protected":false},"author":2,"featured_media":29458,"comment_status":"open","ping_status":"open","sticky":false,"template":"","format":"standard","meta":{"footnotes":""},"categories":[5],"tags":[],"class_list":["post-29457","post","type-post","status-publish","format-standard","has-post-thumbnail","hentry","category-basquet"],"cc_featured_image_caption":{"caption_text":"","source_text":"","source_url":""},"_links":{"self":[{"href":"https:\/\/todoapulmon-rafaela.com\/index.php\/wp-json\/wp\/v2\/posts\/29457"}],"collection":[{"href":"https:\/\/todoapulmon-rafaela.com\/index.php\/wp-json\/wp\/v2\/posts"}],"about":[{"href":"https:\/\/todoapulmon-rafaela.com\/index.php\/wp-json\/wp\/v2\/types\/post"}],"author":[{"embeddable":true,"href":"https:\/\/todoapulmon-rafaela.com\/index.php\/wp-json\/wp\/v2\/users\/2"}],"replies":[{"embeddable":true,"href":"https:\/\/todoapulmon-rafaela.com\/index.php\/wp-json\/wp\/v2\/comments?post=29457"}],"version-history":[{"count":1,"href":"https:\/\/todoapulmon-rafaela.com\/index.php\/wp-json\/wp\/v2\/posts\/29457\/revisions"}],"predecessor-version":[{"id":29459,"href":"https:\/\/todoapulmon-rafaela.com\/index.php\/wp-json\/wp\/v2\/posts\/29457\/revisions\/29459"}],"wp:featuredmedia":[{"embeddable":true,"href":"https:\/\/todoapulmon-rafaela.com\/index.php\/wp-json\/wp\/v2\/media\/29458"}],"wp:attachment":[{"href":"https:\/\/todoapulmon-rafaela.com\/index.php\/wp-json\/wp\/v2\/media?parent=29457"}],"wp:term":[{"taxonomy":"category","embeddable":true,"href":"https:\/\/todoapulmon-rafaela.com\/index.php\/wp-json\/wp\/v2\/categories?post=29457"},{"taxonomy":"post_tag","embeddable":true,"href":"https:\/\/todoapulmon-rafaela.com\/index.php\/wp-json\/wp\/v2\/tags?post=29457"}],"curies":[{"name":"wp","href":"https:\/\/api.w.org\/{rel}","templated":true}]}}