{"id":29427,"date":"2022-02-09T22:16:05","date_gmt":"2022-02-09T22:16:05","guid":{"rendered":"https:\/\/todoapulmon-rafaela.com\/?p=29427"},"modified":"2022-02-09T22:16:05","modified_gmt":"2022-02-09T22:16:05","slug":"termino-el-ciclo-de-mario-ledesma-en-los-pumas","status":"publish","type":"post","link":"https:\/\/todoapulmon-rafaela.com\/index.php\/2022\/02\/09\/termino-el-ciclo-de-mario-ledesma-en-los-pumas\/","title":{"rendered":"Termin\u00f3 el ciclo de Mario Ledesma en Los Pumas"},"content":{"rendered":"<p>De manera repentina e inesperada, la Uni\u00f3n Argentina de Rugby convoc\u00f3 a una conferencia de prensa para notificar una decisi\u00f3n que influir\u00e1 de manera directa en el futuro de Los Pumas: el entrenador Mario Ledesma junto a todo su cuerpo t\u00e9cnico y colaboradores no continuar\u00e1n al frente del combinado nacional.<br \/>\nEl presidente de la entidad que regula dicha disciplina, Marcelo Rodr\u00edguez, se junt\u00f3 con el coach e ic\u00f3nico hooker para cerrar una etapa de la mejor manera posible. \u201cEstoy muy agradecido por todos estos a\u00f1os\u201d, fueron las primeras palabras que desliz\u00f3 el estratega en su despedida.<br \/>\n\u201cTengo que anunciar que doy un paso al costado. Es una decisi\u00f3n personal y quiero aclarar que me sent\u00ed muy apoyado por mi staff y los jugadores. Fue una aventura con much\u00edsimas cosas buenas y malas, que nos hicieron mejores entrenadores y personas\u201d, continu\u00f3.<br \/>\nM\u00e1s all\u00e1 de que el balance de su ciclo en el seleccionado argentino encuentra m\u00e1s derrotas que victorias y por eso a muchos no sorprende la determinaci\u00f3n, se rumorea que una importante oferta por parte del Rugby-Club Toulonnais de Francia ser\u00eda una de las razones de su partida. Mientras tanto, ya se barajan alternativas para ocupar el puesto vacante. Dentro de los nombres que comienzan a tomar fuerza en los pasillos de la UAR aparecen los de Felipe Contepomi y Gonzalo Quesada para que asuman de cara a la pr\u00f3xima ventana de partidos fijada en julio.<br \/>\n\u201cMario ha contribuido a todos los equipos de rugby. Estamos satisfechos con lo que hizo. Y por nuestra parte, s\u00f3lo agradecerle de c\u00f3mo nos hemos relacionado, en un momento extremadamente dif\u00edcil\u201d, subray\u00f3 Marcelo Rodr\u00edguez.<br \/>\nVale recordar que Argentina viene de caer en los seis partidos del Rugby Championship, en el que enfrent\u00f3 en dos ocasiones a cada una de las potencias del hemisferio sur: Nueva Zelanda, Australia y Sud\u00e1frica.<\/p>\n<p><img loading=\"lazy\" decoding=\"async\" class=\"alignnone size-full wp-image-29428\" src=\"https:\/\/todoapulmon-rafaela.com\/wp-content\/uploads\/2022\/02\/Ledesma1.jpg\" alt=\"\" width=\"992\" height=\"606\" srcset=\"https:\/\/todoapulmon-rafaela.com\/wp-content\/uploads\/2022\/02\/Ledesma1.jpg 992w, https:\/\/todoapulmon-rafaela.com\/wp-content\/uploads\/2022\/02\/Ledesma1-300x183.jpg 300w\" sizes=\"(max-width: 992px) 100vw, 992px\" \/><br \/>\nEn el ciclo Ledesma se consigui\u00f3 la hist\u00f3rica primera victoria frente a los All Blacks -en 2020, tras el aislamiento por la pandemia y donde jug\u00f3 en ese partido el rafaelino Mayco Vivas- y solidific\u00f3 el rendimiento del equipo en las formaciones fijas, pero el flojo tr\u00e1nsito en 2021 dej\u00f3 secuelas profundas principalmente despu\u00e9s de la dolorosa derrota por 53 a 7 frente a Irlanda en noviembre.<br \/>\nAdem\u00e1s, falta poco m\u00e1s de un a\u00f1o para el pr\u00f3ximo Mundial que se celebrar\u00e1 en Francia (inicia el 8 de septiembre de 2023) y arrancar un nuevo proceso representa un escenario complejo para el desarrollo de la Selecci\u00f3n. Los Pumas conformar\u00e1n el Grupo D junto a Inglaterra, Jap\u00f3n y Samoa, mientras el cupo restante correspondiente a Am\u00e9ricas 2 saldr\u00e1 del ganador del segundo playoff continental entre Estados Unidos y Chile, pautado para el 9 y 16 de julio de 2022.<br \/>\nEl ahora ex Head Coach nacional cerr\u00f3 su ciclo con un 29% de efectividad en un total de 33 partidos oficiales, de los que gan\u00f3 en ocho oportunidades, empat\u00f3 en tres y perdi\u00f3 en 22.<\/p>\n","protected":false},"excerpt":{"rendered":"<p>De manera repentina e inesperada, la Uni\u00f3n Argentina de Rugby convoc\u00f3 a una conferencia de prensa para notificar una decisi\u00f3n<\/p>\n","protected":false},"author":2,"featured_media":29429,"comment_status":"open","ping_status":"open","sticky":false,"template":"","format":"standard","meta":{"footnotes":""},"categories":[24,2],"tags":[],"class_list":["post-29427","post","type-post","status-publish","format-standard","has-post-thumbnail","hentry","category-noticias-destacadas","category-rugby"],"cc_featured_image_caption":{"caption_text":"","source_text":"","source_url":""},"_links":{"self":[{"href":"https:\/\/todoapulmon-rafaela.com\/index.php\/wp-json\/wp\/v2\/posts\/29427"}],"collection":[{"href":"https:\/\/todoapulmon-rafaela.com\/index.php\/wp-json\/wp\/v2\/posts"}],"about":[{"href":"https:\/\/todoapulmon-rafaela.com\/index.php\/wp-json\/wp\/v2\/types\/post"}],"author":[{"embeddable":true,"href":"https:\/\/todoapulmon-rafaela.com\/index.php\/wp-json\/wp\/v2\/users\/2"}],"replies":[{"embeddable":true,"href":"https:\/\/todoapulmon-rafaela.com\/index.php\/wp-json\/wp\/v2\/comments?post=29427"}],"version-history":[{"count":1,"href":"https:\/\/todoapulmon-rafaela.com\/index.php\/wp-json\/wp\/v2\/posts\/29427\/revisions"}],"predecessor-version":[{"id":29430,"href":"https:\/\/todoapulmon-rafaela.com\/index.php\/wp-json\/wp\/v2\/posts\/29427\/revisions\/29430"}],"wp:featuredmedia":[{"embeddable":true,"href":"https:\/\/todoapulmon-rafaela.com\/index.php\/wp-json\/wp\/v2\/media\/29429"}],"wp:attachment":[{"href":"https:\/\/todoapulmon-rafaela.com\/index.php\/wp-json\/wp\/v2\/media?parent=29427"}],"wp:term":[{"taxonomy":"category","embeddable":true,"href":"https:\/\/todoapulmon-rafaela.com\/index.php\/wp-json\/wp\/v2\/categories?post=29427"},{"taxonomy":"post_tag","embeddable":true,"href":"https:\/\/todoapulmon-rafaela.com\/index.php\/wp-json\/wp\/v2\/tags?post=29427"}],"curies":[{"name":"wp","href":"https:\/\/api.w.org\/{rel}","templated":true}]}}