{"id":29349,"date":"2022-02-04T16:53:51","date_gmt":"2022-02-04T16:53:51","guid":{"rendered":"https:\/\/todoapulmon-rafaela.com\/?p=29349"},"modified":"2022-02-04T16:53:51","modified_gmt":"2022-02-04T16:53:51","slug":"la-vuelta-de-mayco-vivas-junto-a-pedro-rubiolo-en-jaguares","status":"publish","type":"post","link":"https:\/\/todoapulmon-rafaela.com\/index.php\/2022\/02\/04\/la-vuelta-de-mayco-vivas-junto-a-pedro-rubiolo-en-jaguares\/","title":{"rendered":"\u00a1La vuelta de Mayco Vivas!, junto a Pedro Rubiolo en Jaguares"},"content":{"rendered":"<p>El pr\u00f3ximo lunes, el preseleccionado de Jaguares XV dar\u00e1 inicio a la pretemporada de manera formal, en el predio de Casa Pumas, y para esta primera parte de la puesta a punto fueron convocados 37 jugadores. Entre los elegidos por el head-coach Ignacio Fern\u00e1ndez Lobbe se destaca la presencia de Mayco Vivas. El primera l\u00ednea rafaelino (23 a\u00f1os), que hab\u00eda dejado de jugar justo antes de la SLAR 2021 por un problema en la zona cervical (fue intervenido en marzo de 2021), ya tiene el alta m\u00e9dica para retomar la actividad, algo que suceder\u00e1 de manera progresiva.<\/p>\n<p>Vivas, que posee una docena de caps con Los Pumas, jug\u00f3 por \u00faltima vez el 5 de diciembre de 2020, en el choque entre el seleccionado nacional y Australia por el Rugby Championship (empate 16-16), en Parramatta. \u201cSiento una alegr\u00eda enorme por el hecho de poder volver a jugar. Es algo que estuve buscando y por lo que trabaj\u00e9 muchos meses; por eso, estoy con las energ\u00edas al 100% para ponerme la camiseta de Jaguares XV y encarar el desaf\u00edo de la SLAR\u201d, coment\u00f3 el pilar formado en el CRAR al sitio oficial de Jaguares.<\/p>\n<p>De esta manera, Mayco ser\u00e1 sin dudas uno de los referentes (junto a Bautista Pedemonte son los UAR de la franquicia) de un plantel joven que compartir\u00e1 con otro rafaelino, y tambi\u00e9n de la Cuna del Verde, Pedro Rubiolo. Recordemos que el segunda o tercera l\u00ednea se sum\u00f3 para la etapa final del a\u00f1o pasado en Montevideo, donde Jaguares XV obtuvo el campeonato.<\/p>\n<p><img loading=\"lazy\" decoding=\"async\" class=\"alignnone size-full wp-image-29350\" src=\"https:\/\/todoapulmon-rafaela.com\/wp-content\/uploads\/2022\/02\/Rubiolo-vs.-Uruguay.jpg\" alt=\"\" width=\"640\" height=\"800\" srcset=\"https:\/\/todoapulmon-rafaela.com\/wp-content\/uploads\/2022\/02\/Rubiolo-vs.-Uruguay.jpg 640w, https:\/\/todoapulmon-rafaela.com\/wp-content\/uploads\/2022\/02\/Rubiolo-vs.-Uruguay-240x300.jpg 240w\" sizes=\"(max-width: 640px) 100vw, 640px\" \/><\/p>\n<p>Los 37 jugadores convocados para participar desde el lunes pr\u00f3ximo de la pretemporada de Jaguares XV son los siguientes:<\/p>\n<figure class=\"wp-block-table is-style-stripes\">\n<table>\n<tbody>\n<tr>\n<td><strong>\u00a0<\/strong><\/td>\n<td><strong>APELLIDO Y NOMBRE<\/strong><\/td>\n<td><strong>PUESTO<\/strong><\/td>\n<td><strong>CLUB<\/strong><\/td>\n<\/tr>\n<tr>\n<td>1<\/td>\n<td><strong>PULELLA<\/strong>\u00a0Santiago<\/td>\n<td>PILAR IZQUIERDO<\/td>\n<td>JOCKEY CLUB C\u00d3RDOBA<\/td>\n<\/tr>\n<tr>\n<td>2<\/td>\n<td><strong>REVOL PITT<\/strong>\u00a0Nicol\u00e1s<\/td>\n<td>PILAR IZQUIERDO<\/td>\n<td>LA TABLADA<\/td>\n<\/tr>\n<tr>\n<td>3<\/td>\n<td><strong>N\u00da\u00d1EZ MISERES<\/strong>\u00a0Mateo<\/td>\n<td>PILAR IZQUIERDO<\/td>\n<td>ALMA JUNIORS<\/td>\n<\/tr>\n<tr>\n<td>4<\/td>\n<td><strong>VIVAS<\/strong>\u00a0Mayco<\/td>\n<td>PILAR IZQUIERDO<\/td>\n<td>UAR<\/td>\n<\/tr>\n<tr>\n<td>5<\/td>\n<td><strong>BERNASCONI<\/strong>\u00a0Bautista<\/td>\n<td>HOOKER<\/td>\n<td>CASI<\/td>\n<\/tr>\n<tr>\n<td>6<\/td>\n<td><strong>RUIZ<\/strong>\u00a0Ignacio<\/td>\n<td>HOOKER<\/td>\n<td>REGATAS BELLA VISTA<\/td>\n<\/tr>\n<tr>\n<td>7<\/td>\n<td><strong>PANZARINI<\/strong>\u00a0Andrea<\/td>\n<td>HOOKER<\/td>\n<td>SIC<\/td>\n<\/tr>\n<tr>\n<td>8<\/td>\n<td><strong>CORONEL\u00a0<\/strong>Javier<\/td>\n<td>PILAR DERECHO<\/td>\n<td>UNIVERSITARIO LA PLATA<\/td>\n<\/tr>\n<tr>\n<td>9<\/td>\n<td><strong>VILLAR<\/strong>\u00a0Mart\u00edn<\/td>\n<td>PILAR DERECHO<\/td>\n<td>LOMAS AC<\/td>\n<\/tr>\n<tr>\n<td>10<\/td>\n<td><strong>GARC\u00cdA<\/strong>\u00a0Hugo<\/td>\n<td>PILAR DERECHO<\/td>\n<td>CASI<\/td>\n<\/tr>\n<tr>\n<td>11<\/td>\n<td><strong>DELGADO<\/strong>\u00a0Adri\u00e1n<\/td>\n<td>PILAR IZQ-DERECHO<\/td>\n<td>LICEO NAVAL<\/td>\n<\/tr>\n<tr>\n<td>12<\/td>\n<td><strong>SIMES\u00a0<\/strong>Lautaro<\/td>\n<td>SEGUNDA LINEA<\/td>\n<td>TALA RC<\/td>\n<\/tr>\n<tr>\n<td>13<\/td>\n<td><strong>ANCONETANI<\/strong>\u00a0Lucio<\/td>\n<td>SEGUNDA LINEA<\/td>\n<td>DUENDES RC<\/td>\n<\/tr>\n<tr>\n<td>14<\/td>\n<td><strong>FERN\u00c1NDEZ CRIADO<\/strong>\u00a0Rodrigo<\/td>\n<td>SEGUNDA LINEA<\/td>\n<td>BELGRANO ATHLETIC<\/td>\n<\/tr>\n<tr>\n<td>15<\/td>\n<td><strong>BILDOSOLA<\/strong>\u00a0Aitor<\/td>\n<td>ALA<\/td>\n<td>LOS TORDOS<\/td>\n<\/tr>\n<tr>\n<td>16<\/td>\n<td><strong>BERNSTEIN<\/strong>\u00a0Manuel<\/td>\n<td>ALA<\/td>\n<td>CRAI<\/td>\n<\/tr>\n<tr>\n<td>17<\/td>\n<td><strong>RUBIOLO<\/strong>\u00a0Pedro<\/td>\n<td>ALA<\/td>\n<td>CRAR<\/td>\n<\/tr>\n<tr>\n<td>18<\/td>\n<td><strong>G\u00d3MEZ VARA<\/strong>\u00a0Jer\u00f3nimo<\/td>\n<td>ALA<\/td>\n<td>ATL\u00c9TICO DEL ROSARIO<\/td>\n<\/tr>\n<tr>\n<td>19<\/td>\n<td><strong>CHIAVASSA<\/strong>\u00a0Eliseo<\/td>\n<td>ALA<\/td>\n<td>LOS TILOS<\/td>\n<\/tr>\n<tr>\n<td>20<\/td>\n<td><strong>RUIZ<\/strong>\u00a0Santiago<\/td>\n<td>ALA<\/td>\n<td>REGATAS BELLA VISTA<\/td>\n<\/tr>\n<tr>\n<td>21<\/td>\n<td><strong>PEDEMONTE<\/strong>\u00a0Bautista<\/td>\n<td>OCTAVO<\/td>\n<td>UAR<\/td>\n<\/tr>\n<tr>\n<td>22<\/td>\n<td><strong>PELLANDINI\u00a0<\/strong>Joaqu\u00edn<\/td>\n<td>MEDIOSCRUM<\/td>\n<td>BUENOS AIRES C&amp;RC<\/td>\n<\/tr>\n<tr>\n<td>23<\/td>\n<td><strong>IRIARTE<\/strong>\u00a0Rafael<\/td>\n<td>MEDIOSCRUM<\/td>\n<td>CUBA<\/td>\n<\/tr>\n<tr>\n<td>24<\/td>\n<td><strong>ALBANESE<\/strong>\u00a0Mateo<\/td>\n<td>MEDIOSCRUM<\/td>\n<td>SIC<\/td>\n<\/tr>\n<tr>\n<td>25<\/td>\n<td><strong>STRADA<\/strong>\u00a0Juan Cruz<\/td>\n<td>MEDIOSCRUM<\/td>\n<td>SANTA FE RC<\/td>\n<\/tr>\n<tr>\n<td>26<\/td>\n<td><strong>SU\u00c1REZ FOLCH<\/strong>\u00a0Tom\u00e1s<\/td>\n<td>APERTURA<\/td>\n<td>LA PLATA<\/td>\n<\/tr>\n<tr>\n<td>27<\/td>\n<td><strong>MARE<\/strong>\u00a0Santiago<\/td>\n<td>APERTURA<\/td>\n<td>REGATAS BELLA VISTA<\/td>\n<\/tr>\n<tr>\n<td>28<\/td>\n<td><strong>BOGADO<\/strong>\u00a0Mart\u00edn<\/td>\n<td>WING<\/td>\n<td>JOCKEY CLUB C\u00d3RDOBA<\/td>\n<\/tr>\n<tr>\n<td>29<\/td>\n<td><strong>PISANI<\/strong>\u00a0Francisco<\/td>\n<td>WING<\/td>\n<td>REGATAS BELLA VISTA<\/td>\n<\/tr>\n<tr>\n<td>30<\/td>\n<td><strong>CASTRO<\/strong>\u00a0Juan Pablo<\/td>\n<td>CENTRO<\/td>\n<td>SAN JUAN RC<\/td>\n<\/tr>\n<tr>\n<td>31<\/td>\n<td><strong>SEGURA<\/strong>\u00a0Agust\u00edn<\/td>\n<td>CENTRO<\/td>\n<td>JOCKEY CLUB C\u00d3RDOBA<\/td>\n<\/tr>\n<tr>\n<td>32<\/td>\n<td><strong>CUBILLA<\/strong>\u00a0Tom\u00e1s<\/td>\n<td>CENTRO<\/td>\n<td>ALUMNI<\/td>\n<\/tr>\n<tr>\n<td>33<\/td>\n<td><strong>CORSO<\/strong>\u00a0Juan<\/td>\n<td>CENTRO<\/td>\n<td>REGATAS BELLA VISTA<\/td>\n<\/tr>\n<tr>\n<td>34<\/td>\n<td><strong>L\u00d3PEZ FERN\u00c1NDEZ<\/strong>\u00a0Nicanor<\/td>\n<td>WING<\/td>\n<td>ATL\u00c9TICO DEL ROSARIO<\/td>\n<\/tr>\n<tr>\n<td>35<\/td>\n<td><strong>DELGUY<\/strong>\u00a0I\u00f1aki<\/td>\n<td>WING<\/td>\n<td>PUCAR\u00c1<\/td>\n<\/tr>\n<tr>\n<td>36<\/td>\n<td><strong>PRISCIANTELLI<\/strong>\u00a0Ger\u00f3nimo<\/td>\n<td>FULLBACK<\/td>\n<td>CASI<\/td>\n<\/tr>\n<tr>\n<td>37<\/td>\n<td><strong>MENDY<\/strong>\u00a0Ignacio<\/td>\n<td>FULLBACK<\/td>\n<td>LOS TILOS<\/td>\n<\/tr>\n<\/tbody>\n<\/table>\n<p>Cabe destacar que cinco jugadores formados en la USR estar\u00e1n en el plantel de Jaguares: tal es el caso del primera l\u00ednea de Alma Juniors de Esperanza, Mateo N\u00fa\u00f1ez; el segunda l\u00ednea del CRAI y ex Pumita, Manuel Bernstein; el medio scrum de Santa Fe Rugby, Juan Cruz Strada; adem\u00e1s de los rafaelinos de CRAR, Mayco Vivas y Pedro Rubiolo.<\/figure>\n","protected":false},"excerpt":{"rendered":"<p>El pr\u00f3ximo lunes, el preseleccionado de Jaguares XV dar\u00e1 inicio a la pretemporada de manera formal, en el predio de<\/p>\n","protected":false},"author":2,"featured_media":29351,"comment_status":"open","ping_status":"open","sticky":false,"template":"","format":"standard","meta":{"footnotes":""},"categories":[24,2],"tags":[],"class_list":["post-29349","post","type-post","status-publish","format-standard","has-post-thumbnail","hentry","category-noticias-destacadas","category-rugby"],"cc_featured_image_caption":{"caption_text":"Mayco Vivas estar\u00e1 en el inicio formal de la pretemporada de Jaguares. (Foto Jaguares oficial).","source_text":"","source_url":""},"_links":{"self":[{"href":"https:\/\/todoapulmon-rafaela.com\/index.php\/wp-json\/wp\/v2\/posts\/29349"}],"collection":[{"href":"https:\/\/todoapulmon-rafaela.com\/index.php\/wp-json\/wp\/v2\/posts"}],"about":[{"href":"https:\/\/todoapulmon-rafaela.com\/index.php\/wp-json\/wp\/v2\/types\/post"}],"author":[{"embeddable":true,"href":"https:\/\/todoapulmon-rafaela.com\/index.php\/wp-json\/wp\/v2\/users\/2"}],"replies":[{"embeddable":true,"href":"https:\/\/todoapulmon-rafaela.com\/index.php\/wp-json\/wp\/v2\/comments?post=29349"}],"version-history":[{"count":1,"href":"https:\/\/todoapulmon-rafaela.com\/index.php\/wp-json\/wp\/v2\/posts\/29349\/revisions"}],"predecessor-version":[{"id":29352,"href":"https:\/\/todoapulmon-rafaela.com\/index.php\/wp-json\/wp\/v2\/posts\/29349\/revisions\/29352"}],"wp:featuredmedia":[{"embeddable":true,"href":"https:\/\/todoapulmon-rafaela.com\/index.php\/wp-json\/wp\/v2\/media\/29351"}],"wp:attachment":[{"href":"https:\/\/todoapulmon-rafaela.com\/index.php\/wp-json\/wp\/v2\/media?parent=29349"}],"wp:term":[{"taxonomy":"category","embeddable":true,"href":"https:\/\/todoapulmon-rafaela.com\/index.php\/wp-json\/wp\/v2\/categories?post=29349"},{"taxonomy":"post_tag","embeddable":true,"href":"https:\/\/todoapulmon-rafaela.com\/index.php\/wp-json\/wp\/v2\/tags?post=29349"}],"curies":[{"name":"wp","href":"https:\/\/api.w.org\/{rel}","templated":true}]}}