{"id":29255,"date":"2022-01-28T12:58:01","date_gmt":"2022-01-28T12:58:01","guid":{"rendered":"https:\/\/todoapulmon-rafaela.com\/?p=29255"},"modified":"2022-01-28T12:59:12","modified_gmt":"2022-01-28T12:59:12","slug":"pablo-grosso-se-sumo-a-el-ceibo-para-jugar-el-federal","status":"publish","type":"post","link":"https:\/\/todoapulmon-rafaela.com\/index.php\/2022\/01\/28\/pablo-grosso-se-sumo-a-el-ceibo-para-jugar-el-federal\/","title":{"rendered":"Pablo Grosso se sum\u00f3 a El Ceibo para jugar el Federal"},"content":{"rendered":"<p>Una de la buenas promesas del b\u00e1squet rafaelino jugar\u00e1 la tercera categor\u00eda del b\u00e1squet argentino, que se pone en marcha este fin de semana. El joven alero Pablo Grosso, surgido en 9 de Julio y que estaba jugando a pr\u00e9stamo en Ben Hur la Liga Provincial, se incorpor\u00f3 a El Ceibo de San Francisco para el Federal.<\/p>\n<p>Grosso sum\u00f3 los primeros entrenamientos a prueba desde el 10 de enero y r\u00e1pidamente convenci\u00f3 al entrenador Eduardo Blengini para formar parte del plantel. Cabe acotar que El Ceibo es uno de los ascendidos, ya que gan\u00f3 la Liga Provincial cordobesa, y debutar\u00e1 este s\u00e1bado como local ante Sp. Suardi.<\/p>\n<p><img loading=\"lazy\" decoding=\"async\" class=\"alignnone size-full wp-image-29256\" src=\"https:\/\/todoapulmon-rafaela.com\/wp-content\/uploads\/2022\/01\/Pablo-Grosso.jpg\" alt=\"\" width=\"685\" height=\"960\" srcset=\"https:\/\/todoapulmon-rafaela.com\/wp-content\/uploads\/2022\/01\/Pablo-Grosso.jpg 685w, https:\/\/todoapulmon-rafaela.com\/wp-content\/uploads\/2022\/01\/Pablo-Grosso-214x300.jpg 214w\" sizes=\"(max-width: 685px) 100vw, 685px\" \/><\/p>\n<p>Cabe acotar que debido al conflicto de la Federaci\u00f3n Santafesina con la Confederaci\u00f3n Argentina, la Liga Provincial de Santa Fe no tiene ascenso al Federal, un tema que sin dudas tendr\u00e1 que solucionarse pensando en los incentivos de los clubes.<\/p>\n","protected":false},"excerpt":{"rendered":"<p>Una de la buenas promesas del b\u00e1squet rafaelino jugar\u00e1 la tercera categor\u00eda del b\u00e1squet argentino, que se pone en marcha<\/p>\n","protected":false},"author":2,"featured_media":29257,"comment_status":"open","ping_status":"open","sticky":false,"template":"","format":"standard","meta":{"footnotes":""},"categories":[5,24],"tags":[],"class_list":["post-29255","post","type-post","status-publish","format-standard","has-post-thumbnail","hentry","category-basquet","category-noticias-destacadas"],"cc_featured_image_caption":{"caption_text":"","source_text":"","source_url":""},"_links":{"self":[{"href":"https:\/\/todoapulmon-rafaela.com\/index.php\/wp-json\/wp\/v2\/posts\/29255"}],"collection":[{"href":"https:\/\/todoapulmon-rafaela.com\/index.php\/wp-json\/wp\/v2\/posts"}],"about":[{"href":"https:\/\/todoapulmon-rafaela.com\/index.php\/wp-json\/wp\/v2\/types\/post"}],"author":[{"embeddable":true,"href":"https:\/\/todoapulmon-rafaela.com\/index.php\/wp-json\/wp\/v2\/users\/2"}],"replies":[{"embeddable":true,"href":"https:\/\/todoapulmon-rafaela.com\/index.php\/wp-json\/wp\/v2\/comments?post=29255"}],"version-history":[{"count":3,"href":"https:\/\/todoapulmon-rafaela.com\/index.php\/wp-json\/wp\/v2\/posts\/29255\/revisions"}],"predecessor-version":[{"id":29260,"href":"https:\/\/todoapulmon-rafaela.com\/index.php\/wp-json\/wp\/v2\/posts\/29255\/revisions\/29260"}],"wp:featuredmedia":[{"embeddable":true,"href":"https:\/\/todoapulmon-rafaela.com\/index.php\/wp-json\/wp\/v2\/media\/29257"}],"wp:attachment":[{"href":"https:\/\/todoapulmon-rafaela.com\/index.php\/wp-json\/wp\/v2\/media?parent=29255"}],"wp:term":[{"taxonomy":"category","embeddable":true,"href":"https:\/\/todoapulmon-rafaela.com\/index.php\/wp-json\/wp\/v2\/categories?post=29255"},{"taxonomy":"post_tag","embeddable":true,"href":"https:\/\/todoapulmon-rafaela.com\/index.php\/wp-json\/wp\/v2\/tags?post=29255"}],"curies":[{"name":"wp","href":"https:\/\/api.w.org\/{rel}","templated":true}]}}