{"id":29195,"date":"2022-01-24T13:00:14","date_gmt":"2022-01-24T13:00:14","guid":{"rendered":"https:\/\/todoapulmon-rafaela.com\/?p=29195"},"modified":"2022-01-24T13:00:14","modified_gmt":"2022-01-24T13:00:14","slug":"joaquin-carballo-concentro-con-la-seleccion-de-atletismo-adaptado","status":"publish","type":"post","link":"https:\/\/todoapulmon-rafaela.com\/index.php\/2022\/01\/24\/joaquin-carballo-concentro-con-la-seleccion-de-atletismo-adaptado\/","title":{"rendered":"Joaqu\u00edn Carballo concentr\u00f3 con la selecci\u00f3n de Atletismo Adaptado"},"content":{"rendered":"<div class=\"cxmmr5t8 oygrvhab hcukyx3x c1et5uql o9v6fnle ii04i59q\">\n<div dir=\"auto\">El seleccionado argentino de atletismo de FADESIR (Federaci\u00f3n Argentina de Deportes Sobre Silla de Ruedas) tuvo su primera concentraci\u00f3n del a\u00f1o con la participaci\u00f3n de 13 atletas de todo el pa\u00eds, de distintas categor\u00edas. Dentro de las presencias en el CENARD en este primer mes del a\u00f1o estuvo el representante de CRAS de nuestra ciudad, Joaqu\u00edn Carballo, que se especializa en pruebas de lanzamientos.<\/div>\n<\/div>\n<div class=\"cxmmr5t8 oygrvhab hcukyx3x c1et5uql o9v6fnle ii04i59q\">\n<div dir=\"auto\">En la agenda del atletismo adaptado est\u00e1n los Juegos Juveniles Parapanamericanos que se suspendieron el a\u00f1o pasado y que se realizar\u00edan este a\u00f1o en Bogot\u00e1, Colombia, con fecha a confirmar. La mala noticia es que se suspendi\u00f3 el Mundial de Jap\u00f3n 2022 para Mayores y pas\u00f3 para el a\u00f1o siguiente en Par\u00eds.<\/div>\n<div dir=\"auto\">Carballo, que fundamentalmente apunta al lanzamiento de la bala y jabalina, y es entrenado por Leandro Bonamino, ha tenido importantes progresos durante el \u00faltimo a\u00f1o y sin dudas esta convocatoria es un aliciente para tener m\u00e1s oportunidades con equipos nacionales.<\/div>\n<\/div>\n<div class=\"cxmmr5t8 oygrvhab hcukyx3x c1et5uql o9v6fnle ii04i59q\">\n<div dir=\"auto\"><\/div>\n<div dir=\"auto\">LOS CONCENTRADOS<\/div>\n<div dir=\"auto\"><\/div>\n<div dir=\"auto\">Juli\u00e1n Carraz\u00e1n (T54 \u2013 Chaco- Sub 14)<\/div>\n<div dir=\"auto\">Carlos Daniel Ayala (T54 \u2013 Chaco \u2013 Sub 14)<\/div>\n<div dir=\"auto\">Facundo Isaac D\u00edaz (T54 \u2013 Jujuy \u2013 Sub 14)<\/div>\n<div dir=\"auto\">Sabrina Ayala (F40 \u2013 Formosa \u2013 Sub 15)<\/div>\n<div dir=\"auto\">Axel S\u00e1nchez (T46 \u2013 Corrientes \u2013 Sub 15)<\/div>\n<div dir=\"auto\"><strong>Joaqu\u00edn Carballo (F46 \u2013Rafaela, Santa Fe \u2013 Sub 16)<\/strong><\/div>\n<div dir=\"auto\">Fernando Carril (F40 \u2013 Formosa &#8211; Sub 15)<\/div>\n<div dir=\"auto\">Lautaro Tracana Aguilar (F56 \u2013 Neuqu\u00e9n \u2013 Mayores)<\/div>\n<div dir=\"auto\">Dariana Ferreira (T54 &#8211; Misiones \u2013 Mayores)<\/div>\n<div dir=\"auto\">Valeria Jara (T54 \u2013 Chaco \u2013 Mayores)<\/div>\n<div dir=\"auto\">Pablo Arnarez (F46 &#8211; La Pampa \u2013 Mayores)<\/div>\n<div dir=\"auto\">Santiago Escobar (T46 &#8211; Corrientes &#8211; Sub 18)<\/div>\n<div dir=\"auto\">Mat\u00edas Gonz\u00e1lez (F44 &#8211; Corrientes \u2013 Mayores).<\/div>\n<\/div>\n","protected":false},"excerpt":{"rendered":"<p>El seleccionado argentino de atletismo de FADESIR (Federaci\u00f3n Argentina de Deportes Sobre Silla de Ruedas) tuvo su primera concentraci\u00f3n del<\/p>\n","protected":false},"author":2,"featured_media":29201,"comment_status":"open","ping_status":"open","sticky":false,"template":"","format":"standard","meta":{"footnotes":""},"categories":[7,24],"tags":[],"class_list":["post-29195","post","type-post","status-publish","format-standard","has-post-thumbnail","hentry","category-atletismo","category-noticias-destacadas"],"cc_featured_image_caption":{"caption_text":"FOTO PRENSA CRAS","source_text":"","source_url":""},"_links":{"self":[{"href":"https:\/\/todoapulmon-rafaela.com\/index.php\/wp-json\/wp\/v2\/posts\/29195"}],"collection":[{"href":"https:\/\/todoapulmon-rafaela.com\/index.php\/wp-json\/wp\/v2\/posts"}],"about":[{"href":"https:\/\/todoapulmon-rafaela.com\/index.php\/wp-json\/wp\/v2\/types\/post"}],"author":[{"embeddable":true,"href":"https:\/\/todoapulmon-rafaela.com\/index.php\/wp-json\/wp\/v2\/users\/2"}],"replies":[{"embeddable":true,"href":"https:\/\/todoapulmon-rafaela.com\/index.php\/wp-json\/wp\/v2\/comments?post=29195"}],"version-history":[{"count":2,"href":"https:\/\/todoapulmon-rafaela.com\/index.php\/wp-json\/wp\/v2\/posts\/29195\/revisions"}],"predecessor-version":[{"id":29202,"href":"https:\/\/todoapulmon-rafaela.com\/index.php\/wp-json\/wp\/v2\/posts\/29195\/revisions\/29202"}],"wp:featuredmedia":[{"embeddable":true,"href":"https:\/\/todoapulmon-rafaela.com\/index.php\/wp-json\/wp\/v2\/media\/29201"}],"wp:attachment":[{"href":"https:\/\/todoapulmon-rafaela.com\/index.php\/wp-json\/wp\/v2\/media?parent=29195"}],"wp:term":[{"taxonomy":"category","embeddable":true,"href":"https:\/\/todoapulmon-rafaela.com\/index.php\/wp-json\/wp\/v2\/categories?post=29195"},{"taxonomy":"post_tag","embeddable":true,"href":"https:\/\/todoapulmon-rafaela.com\/index.php\/wp-json\/wp\/v2\/tags?post=29195"}],"curies":[{"name":"wp","href":"https:\/\/api.w.org\/{rel}","templated":true}]}}