{"id":29181,"date":"2022-01-20T01:50:00","date_gmt":"2022-01-20T01:50:00","guid":{"rendered":"https:\/\/todoapulmon-rafaela.com\/?p=29181"},"modified":"2022-01-20T01:50:00","modified_gmt":"2022-01-20T01:50:00","slug":"propuestas-en-la-ciclovia-con-verano-aca","status":"publish","type":"post","link":"https:\/\/todoapulmon-rafaela.com\/index.php\/2022\/01\/20\/propuestas-en-la-ciclovia-con-verano-aca\/","title":{"rendered":"Propuestas en la Ciclov\u00eda con \u00abVerano Ac\u00e1\u00bb"},"content":{"rendered":"<div>En el marco de \u00abVerano Ac\u00e1\u00bb, desde este 24 de enero, los lunes y mi\u00e9rcoles se realizar\u00e1n circuitos aer\u00f3bicos, una propuesta art\u00edstica, l\u00fadica y recreativa para las y los vecinos de la ciudad.<\/div>\n<div><\/div>\n<div>Es organizada por la Municipalidad de Rafaela y tendr\u00e1 lugar en la Ciclov\u00eda de Estanislao del Campo (Punto Sano), en el horario de 19 a 20. Cabe mencionar que es una actividad gratuita.<\/div>\n<div><\/div>\n<div><strong>\u201cPromover la vida saludable\u201d<\/strong><\/div>\n<div>Ignacio Podio, subsecretario de Deportes y Recreaci\u00f3n, expres\u00f3: \u201cLa incorporaci\u00f3n de este tipo de propuestas aer\u00f3bicas a Verano Ac\u00e1 es parte de intentar que existan m\u00e1s actividades recreativas y deportivas para los vecinos y vecinas de la ciudad. Es un espacio para disfrutar al aire libre, activar el cuerpo y distenderse solo, con la familia o con amigos. Actividades como estas ayudan a promover la vida saludable y la actividad f\u00edsica\u201d.<\/div>\n<div><\/div>\n<div>Luego, Bel\u00e9n Giorgi, profesora de la actividad, cont\u00f3: \u201cVamos a realizar actividades aer\u00f3bicas, espec\u00edficamente circuitos. Cada uno de ellos cuenta con estaciones y cada estaci\u00f3n va a prevalecer un m\u00fasculo espec\u00edfico. Por ejemplo, en una se trabajar\u00e1 los b\u00edceps, en otra cu\u00e1driceps, caminatas, entre otras. Todo ser\u00e1 por tiempo. Habr\u00e1 tiempo de esfuerzo y de pausa\u201d.<\/div>\n","protected":false},"excerpt":{"rendered":"<p>En el marco de \u00abVerano Ac\u00e1\u00bb, desde este 24 de enero, los lunes y mi\u00e9rcoles se realizar\u00e1n circuitos aer\u00f3bicos, una<\/p>\n","protected":false},"author":2,"featured_media":29182,"comment_status":"open","ping_status":"open","sticky":false,"template":"","format":"standard","meta":{"footnotes":""},"categories":[1],"tags":[],"class_list":["post-29181","post","type-post","status-publish","format-standard","has-post-thumbnail","hentry","category-sin-categoria"],"cc_featured_image_caption":{"caption_text":"","source_text":"","source_url":""},"_links":{"self":[{"href":"https:\/\/todoapulmon-rafaela.com\/index.php\/wp-json\/wp\/v2\/posts\/29181"}],"collection":[{"href":"https:\/\/todoapulmon-rafaela.com\/index.php\/wp-json\/wp\/v2\/posts"}],"about":[{"href":"https:\/\/todoapulmon-rafaela.com\/index.php\/wp-json\/wp\/v2\/types\/post"}],"author":[{"embeddable":true,"href":"https:\/\/todoapulmon-rafaela.com\/index.php\/wp-json\/wp\/v2\/users\/2"}],"replies":[{"embeddable":true,"href":"https:\/\/todoapulmon-rafaela.com\/index.php\/wp-json\/wp\/v2\/comments?post=29181"}],"version-history":[{"count":1,"href":"https:\/\/todoapulmon-rafaela.com\/index.php\/wp-json\/wp\/v2\/posts\/29181\/revisions"}],"predecessor-version":[{"id":29183,"href":"https:\/\/todoapulmon-rafaela.com\/index.php\/wp-json\/wp\/v2\/posts\/29181\/revisions\/29183"}],"wp:featuredmedia":[{"embeddable":true,"href":"https:\/\/todoapulmon-rafaela.com\/index.php\/wp-json\/wp\/v2\/media\/29182"}],"wp:attachment":[{"href":"https:\/\/todoapulmon-rafaela.com\/index.php\/wp-json\/wp\/v2\/media?parent=29181"}],"wp:term":[{"taxonomy":"category","embeddable":true,"href":"https:\/\/todoapulmon-rafaela.com\/index.php\/wp-json\/wp\/v2\/categories?post=29181"},{"taxonomy":"post_tag","embeddable":true,"href":"https:\/\/todoapulmon-rafaela.com\/index.php\/wp-json\/wp\/v2\/tags?post=29181"}],"curies":[{"name":"wp","href":"https:\/\/api.w.org\/{rel}","templated":true}]}}