{"id":29129,"date":"2022-01-10T12:43:32","date_gmt":"2022-01-10T12:43:32","guid":{"rendered":"https:\/\/todoapulmon-rafaela.com\/?p=29129"},"modified":"2022-01-10T12:44:34","modified_gmt":"2022-01-10T12:44:34","slug":"triatlon","status":"publish","type":"post","link":"https:\/\/todoapulmon-rafaela.com\/index.php\/2022\/01\/10\/triatlon\/","title":{"rendered":"Triunfo de Sergio Peretti y meritoria labor de Susana Hauswirth en Chile"},"content":{"rendered":"<p>En el segundo domingo del a\u00f1o el triatl\u00f3n internacional de alto nivel tuvo desarrollo en Chile, con la disputa del Tria 70.3 de Puc\u00f3n, denominado por los trasandinos \u00abLa carrera m\u00e1s linda del mundo\u00bb. Entre el gran n\u00famero de protagonistas estuvieron los rafaelinos Sergio Peretti y Susana Hauswirth, con destacadas performances.<\/p>\n<p>Peretti, ya clasificado para el Mundial 2022 a realizarse en Estados Unidos, fue ganador de la categor\u00eda 60-64 (en la que hubo 23 participantes) con un tiempo de 5h 14m 28s, que lo ubic\u00f3 adem\u00e1s en el puesto 226 en la general masculina, entre casi 1.200 corredores.<\/p>\n<p>Hauswirth tuvo un tiempo de 5h 54m 51s que la ubic\u00f3 quinta en su categor\u00eda, que registr\u00f3 28 protagonistas, y 78\u00aa en la general femenina donde hubo 268 inscriptas.<\/p>\n<figure id=\"attachment_29132\" aria-describedby=\"caption-attachment-29132\" style=\"width: 1330px\" class=\"wp-caption alignnone\"><img loading=\"lazy\" decoding=\"async\" class=\"size-full wp-image-29132\" src=\"https:\/\/todoapulmon-rafaela.com\/wp-content\/uploads\/2022\/01\/Pucon-3.jpg\" alt=\"\" width=\"1330\" height=\"1748\" srcset=\"https:\/\/todoapulmon-rafaela.com\/wp-content\/uploads\/2022\/01\/Pucon-3.jpg 1330w, https:\/\/todoapulmon-rafaela.com\/wp-content\/uploads\/2022\/01\/Pucon-3-228x300.jpg 228w, https:\/\/todoapulmon-rafaela.com\/wp-content\/uploads\/2022\/01\/Pucon-3-1141x1500.jpg 1141w, https:\/\/todoapulmon-rafaela.com\/wp-content\/uploads\/2022\/01\/Pucon-3-1169x1536.jpg 1169w\" sizes=\"(max-width: 1330px) 100vw, 1330px\" \/><figcaption id=\"caption-attachment-29132\" class=\"wp-caption-text\">Susana Hauswirth en el tramo de pedestrismo (foto Trichile).<\/figcaption><\/figure>\n<p>Esta fue la edici\u00f3n 34\u00aa de la competencia en la regi\u00f3n de La Araucan\u00eda.<\/p>\n<p>PROFESIONALES<\/p>\n<p>El espa\u00f1ol Javier G\u00f3mez Noya y la brasile\u00f1a Luisa Baptista se coronaron en el Ironman 70.3 Puc\u00f3n 2022. El europeo con un tiempo de 3h 50m 54 (segunda mejor marca del historial de la prueba) y la brasile\u00f1a con 4h 17m 12s, lo que signific\u00f3 r\u00e9cord del circuito.<\/p>\n<p>El argentino Luciano Taccone se qued\u00f3 con el segundo lugar y un tiempo total de 3h 53m 50. El podio lo complet\u00f3 el brasile\u00f1o Reinaldo Colucci con 3h 58m 11s.<\/p>\n<p>En mujeres segunda termin\u00f3 la local B\u00e1rbara Riveros con 4h 25m 16. El podio lo complet\u00f3 la argentina Romina Palacio con 4h 42m 54s.<\/p>\n<p>FALLECIO UN PARTICIPANTE<\/p>\n<p>Un deportista Age Group falleci\u00f3 producto de un infarto sufrido en el agua.<br \/>\nEl lamentable hecho ocurri\u00f3 cerca de las 8:45 horas mientras se realizaba la primera etapa de nado. El hombre de 38 a\u00f1os fue sacado del agua por los rescatistas y de inmediato se le realizaron maniobras de reanimaci\u00f3n a la orilla del Lago Villarrica.<br \/>\nLas labores de los param\u00e9dicos duraron entre 10 y 15 minutos sin \u00e9xito hasta que se decidi\u00f3 trasladar al deportista a un centro asistencial en ambulancia, pero tampoco fue posible devolverle la vida.<\/p>\n","protected":false},"excerpt":{"rendered":"<p>En el segundo domingo del a\u00f1o el triatl\u00f3n internacional de alto nivel tuvo desarrollo en Chile, con la disputa del<\/p>\n","protected":false},"author":2,"featured_media":29131,"comment_status":"open","ping_status":"open","sticky":false,"template":"","format":"standard","meta":{"footnotes":""},"categories":[24,28],"tags":[],"class_list":["post-29129","post","type-post","status-publish","format-standard","has-post-thumbnail","hentry","category-noticias-destacadas","category-triatlon"],"cc_featured_image_caption":{"caption_text":"Sergio Peretti durante el tramo de ciclismo en el triatl\u00f3n chileno (foto Trichile).","source_text":"","source_url":""},"_links":{"self":[{"href":"https:\/\/todoapulmon-rafaela.com\/index.php\/wp-json\/wp\/v2\/posts\/29129"}],"collection":[{"href":"https:\/\/todoapulmon-rafaela.com\/index.php\/wp-json\/wp\/v2\/posts"}],"about":[{"href":"https:\/\/todoapulmon-rafaela.com\/index.php\/wp-json\/wp\/v2\/types\/post"}],"author":[{"embeddable":true,"href":"https:\/\/todoapulmon-rafaela.com\/index.php\/wp-json\/wp\/v2\/users\/2"}],"replies":[{"embeddable":true,"href":"https:\/\/todoapulmon-rafaela.com\/index.php\/wp-json\/wp\/v2\/comments?post=29129"}],"version-history":[{"count":4,"href":"https:\/\/todoapulmon-rafaela.com\/index.php\/wp-json\/wp\/v2\/posts\/29129\/revisions"}],"predecessor-version":[{"id":29135,"href":"https:\/\/todoapulmon-rafaela.com\/index.php\/wp-json\/wp\/v2\/posts\/29129\/revisions\/29135"}],"wp:featuredmedia":[{"embeddable":true,"href":"https:\/\/todoapulmon-rafaela.com\/index.php\/wp-json\/wp\/v2\/media\/29131"}],"wp:attachment":[{"href":"https:\/\/todoapulmon-rafaela.com\/index.php\/wp-json\/wp\/v2\/media?parent=29129"}],"wp:term":[{"taxonomy":"category","embeddable":true,"href":"https:\/\/todoapulmon-rafaela.com\/index.php\/wp-json\/wp\/v2\/categories?post=29129"},{"taxonomy":"post_tag","embeddable":true,"href":"https:\/\/todoapulmon-rafaela.com\/index.php\/wp-json\/wp\/v2\/tags?post=29129"}],"curies":[{"name":"wp","href":"https:\/\/api.w.org\/{rel}","templated":true}]}}