{"id":29112,"date":"2022-01-08T12:42:18","date_gmt":"2022-01-08T12:42:18","guid":{"rendered":"https:\/\/todoapulmon-rafaela.com\/?p=29112"},"modified":"2022-01-08T12:49:51","modified_gmt":"2022-01-08T12:49:51","slug":"djokovic-tuvo-covid-en-diciembre-y-eso-podria-permitirle-jugar-el-abierto-de-australia","status":"publish","type":"post","link":"https:\/\/todoapulmon-rafaela.com\/index.php\/2022\/01\/08\/djokovic-tuvo-covid-en-diciembre-y-eso-podria-permitirle-jugar-el-abierto-de-australia\/","title":{"rendered":"Djokovic tuvo covid en diciembre y eso podr\u00eda permitirle jugar el Abierto de Australia"},"content":{"rendered":"<p>Novak Djokovic contin\u00faa aislado en el hotel de migrantes de Melbourne a la espera que un gui\u00f1o judicial cambie su destino en medio del esc\u00e1ndalo internacional que lo tiene en el centro de la escena luego que no le permitieran entrar a Australia para disputar el Grand Slam alegando que su visado y su exenci\u00f3n m\u00e9dica no son consistentes,ya que Australia exige estar vacunado para el ingreso.<\/p>\n<p>Mientras la fecha de definici\u00f3n est\u00e1 colocada para el pr\u00f3ximo lunes, cuando las autoridades deber\u00edan dar su veredicto final, los abogados del serbio realizaron una presentaci\u00f3n para respaldar la apelaci\u00f3n. El foco principal indica que Nole tuvo una exenci\u00f3n m\u00e9dica para entrar al pa\u00eds organizador del Australian Open porque tuvo coronavirus semanas atr\u00e1s.<br \/>\n\u201cLa fecha de la primera prueba PCR positiva de COVID se registr\u00f3 el 16 de diciembre de 2021\u2033, se\u00f1ala el documento citado por los medios australianos. Sin embargo, no present\u00f3 fiebres u otros s\u00edntomas en las 72 horas posteriores a ese test positivo.<\/p>\n<p>El diario local The Age destac\u00f3 que en los documentos legales que presentaron sus letrados Djokovic \u201cafirma tener tres motivos de apelaci\u00f3n contra la cancelaci\u00f3n de su visado\u201d.<\/p>\n<p>M\u00e1s all\u00e1 del testeo positivo en diciembre pasado, afirmaron que se le neg\u00f3 un \u201cproceso justo\u201d y eso est\u00e1 apoyado a las entrevistas que le realizaron las autoridades en el aeropuerto de Melbourne, donde no tuvo \u201cacceso a su equipo legal\u201d.<\/p>\n<p>Al mismo tiempo, sus justificaciones buscan plantear que la decisi\u00f3n de revocar su visado va en contra de los consejos que realizaron los expertos del Grupo Asesor T\u00e9cnico Australiano sobre Inmunizaci\u00f3n (ATAGI) que asesora al Ministro de Salud en esta pandemia. En sus papeles, afirma que recibi\u00f3 la visa para entrar a Australia el 18 de noviembre y el 30 de diciembre le dieron el certificado de exenci\u00f3n del director m\u00e9dico de Tennis Australia donde se respalda el permiso especial porque tuvo COVID-19.<\/p>\n<p>Su equipo jur\u00eddico advirti\u00f3 que el primer d\u00eda de enero de este a\u00f1o, el tenista serbio de 34 a\u00f1os recibi\u00f3 una documentaci\u00f3n del Departamento de Interior relacionada a su \u201cdeclaraci\u00f3n de viaje a Australia\u201d. Ese informe indica que la \u201cdeclaraci\u00f3n de viaje de Australia hab\u00eda sido evaluada\u201d y que sus \u201crespuestas indican que cumpli\u00f3 los requisitos para una llegada libre de cuarentena a Australia\u201d, seg\u00fan replic\u00f3 el citado diario The Age.<\/p>\n<p>Al mismo tiempo, la Agencia AFP afirm\u00f3 que los abogados tambi\u00e9n le pidieron a las autoridades que Djokovi sea \u201ctrasladado del centro de detenci\u00f3n de Melbourne\u201d \u2013en referencia al hotel de migrantes donde est\u00e1 aislado\u2013 para \u201cpoder entrenar\u201d antes del Australian Open que se iniciar\u00e1 el pr\u00f3ximo 17 de enero de manera oficial.<\/p>\n<p>El relato del lado del deportista tambi\u00e9n permiti\u00f3 conocer detalles sobre lo que pas\u00f3 durante las m\u00e1s de siete horas que transcurrieron desde que aterriz\u00f3 en Melbourne y se defini\u00f3 la revocaci\u00f3n de su documentaci\u00f3n. Nole dijo que fue entrevistado durante media hora poco despu\u00e9s de llegar a ese pa\u00eds, pero que demoraron casi cuatro horas en advertirle que era \u201cprobable que cancelaran\u201d su visa.<br \/>\nDjokovic pidi\u00f3 asesoramiento y tambi\u00e9n aleg\u00f3 que le permitieron dormir durante algunas horas en la madrugada. Sin embargo, detall\u00f3: \u201cLo despertaron poco tiempo despu\u00e9s y lo presionaron para que tomara una decisi\u00f3n sobre si aceptaba la cancelaci\u00f3n de la visa\u201d, dicen en The Age. El n\u00famero 1 del ranking ATP \u201ccedi\u00f3\u201d ante esas presiones y finalmente revocaron sus permisos.<\/p>\n<p>Cabe destacar que Nole ya hab\u00eda tenido coronavirus en junio del 2020 luego de organizar un pol\u00e9mico torneo de tenis exhibici\u00f3n en Serbia en uno de los momentos m\u00e1s sensibles de la pandemia, lo que le vali\u00f3 una lluvia de cr\u00edticas.<\/p>\n<p>Fuente: infobae.com.<\/p>\n","protected":false},"excerpt":{"rendered":"<p>Novak Djokovic contin\u00faa aislado en el hotel de migrantes de Melbourne a la espera que un gui\u00f1o judicial cambie su<\/p>\n","protected":false},"author":2,"featured_media":29113,"comment_status":"open","ping_status":"open","sticky":false,"template":"","format":"standard","meta":{"footnotes":""},"categories":[24,6],"tags":[],"class_list":["post-29112","post","type-post","status-publish","format-standard","has-post-thumbnail","hentry","category-noticias-destacadas","category-tenis"],"cc_featured_image_caption":{"caption_text":"","source_text":"","source_url":""},"_links":{"self":[{"href":"https:\/\/todoapulmon-rafaela.com\/index.php\/wp-json\/wp\/v2\/posts\/29112"}],"collection":[{"href":"https:\/\/todoapulmon-rafaela.com\/index.php\/wp-json\/wp\/v2\/posts"}],"about":[{"href":"https:\/\/todoapulmon-rafaela.com\/index.php\/wp-json\/wp\/v2\/types\/post"}],"author":[{"embeddable":true,"href":"https:\/\/todoapulmon-rafaela.com\/index.php\/wp-json\/wp\/v2\/users\/2"}],"replies":[{"embeddable":true,"href":"https:\/\/todoapulmon-rafaela.com\/index.php\/wp-json\/wp\/v2\/comments?post=29112"}],"version-history":[{"count":3,"href":"https:\/\/todoapulmon-rafaela.com\/index.php\/wp-json\/wp\/v2\/posts\/29112\/revisions"}],"predecessor-version":[{"id":29116,"href":"https:\/\/todoapulmon-rafaela.com\/index.php\/wp-json\/wp\/v2\/posts\/29112\/revisions\/29116"}],"wp:featuredmedia":[{"embeddable":true,"href":"https:\/\/todoapulmon-rafaela.com\/index.php\/wp-json\/wp\/v2\/media\/29113"}],"wp:attachment":[{"href":"https:\/\/todoapulmon-rafaela.com\/index.php\/wp-json\/wp\/v2\/media?parent=29112"}],"wp:term":[{"taxonomy":"category","embeddable":true,"href":"https:\/\/todoapulmon-rafaela.com\/index.php\/wp-json\/wp\/v2\/categories?post=29112"},{"taxonomy":"post_tag","embeddable":true,"href":"https:\/\/todoapulmon-rafaela.com\/index.php\/wp-json\/wp\/v2\/tags?post=29112"}],"curies":[{"name":"wp","href":"https:\/\/api.w.org\/{rel}","templated":true}]}}