{"id":29080,"date":"2022-01-03T17:26:52","date_gmt":"2022-01-03T17:26:52","guid":{"rendered":"https:\/\/todoapulmon-rafaela.com\/?p=29080"},"modified":"2022-01-03T17:31:59","modified_gmt":"2022-01-03T17:31:59","slug":"fue-cancelada-la-vuelta-a-san-juan","status":"publish","type":"post","link":"https:\/\/todoapulmon-rafaela.com\/index.php\/2022\/01\/03\/fue-cancelada-la-vuelta-a-san-juan\/","title":{"rendered":"Fue cancelada la Vuelta a San Juan"},"content":{"rendered":"<p>Por segundo a\u00f1o consecutivo, la Vuelta Cicl\u00edstica Internacional a San Juan fue cancelada debido a la emergencia sanitaria por la pandemia del Covid 19.<\/p>\n<p>\u00abDesde la organizaci\u00f3n de la Vuelta a San Juan se informa que ante la situaci\u00f3n sanitaria en el mundo, la regi\u00f3n, el pa\u00eds y la provincia referido al COVID-19, con las diversas estad\u00edsticas que se conocen de los entes oficiales y siempre pensando en poner por delante la salud de la poblaci\u00f3n; es que se decide la suspensi\u00f3n de la <strong>Vuelta a San Juan<\/strong>\u00a0en su car\u00e1cter internacional.<\/p>\n<p>Se continuar\u00e1 analizando la realizaci\u00f3n de la competencia con car\u00e1cter nacional, con los protocolos sanitarios y promoviendo los cuidados necesarios para que el evento sea seguro.<\/p>\n<p>En el caso que se realicen nuevos anuncios, cada reporte se informar\u00e1, en su debido momento, tambi\u00e9n a trav\u00e9s de nuestro sitio web oficial <a href=\"https:\/\/www.vueltaasanjuan.org\/\">www.vueltaasanjuan.org\u00bb,<\/a> public\u00f3 este mediod\u00eda a modo de comunicado la organizaci\u00f3n de la competencia, que se hab\u00eda previsto del 30 de enero al 6 de febrero.<\/p>\n<p>Lo que es un hecho es que no llegar\u00e1n las escuadras europeas que estaban confirmadas, ni Peter Sagan, ni Remco Evenepoel ni Chris Froome.<\/p>\n<p>Actualmente en San Juan se est\u00e1n desarrollando competencias locales y regionales de ciclismo, con lo que existe la alternativa de hacerla de ese modo.<\/p>\n<p>TAMPOCO HABRA SUDAMERICANO DE PATIN ESTE VERANO<\/p>\n<p>El secretario de Deportes de la provincia de San Juan, Jorge Chica, confirm\u00f3 la informaci\u00f3n: no habr\u00e1 Vuelta Internacional de San Juan y por estas horas se eval\u00faa hacer una hacer una edici\u00f3n s\u00f3lo con deportistas locales, pero depender\u00e1 de la situaci\u00f3n epidemiol\u00f3gica de la provincia.<br \/>\n\u00abHemos decidido que no seremos sede del torneo de Verano de F\u00fatbol que se hac\u00eda en el Bicentenario, la Vuelta internacional de San Juan est\u00e1 suspendida hasta el pr\u00f3ximo a\u00f1o y estamos en proceso de evaluaci\u00f3n para ver si la hacemos local. Adem\u00e1s, el Sudamericano de Pat\u00edn ser\u00e1 reprogramado cuando la situaci\u00f3n sanitaria no los permita\u00bb, dijo hoy el funcionario en conferencia de prensa.<\/p>\n<p><strong>Los Juegos Sudamericanos de Deportes sobre Ruedas, en sus distintas modalidades que el a\u00f1o pasado fueron postergados, deb\u00edan realizarse en San Juan desde 25 de febrero al 13 de marzo del 2022<\/strong>.<\/p>\n<p><img loading=\"lazy\" decoding=\"async\" class=\"alignnone size-full wp-image-29081\" src=\"https:\/\/todoapulmon-rafaela.com\/wp-content\/uploads\/2022\/01\/hockey-patines-argentinapng.png\" alt=\"\" width=\"1200\" height=\"673\" srcset=\"https:\/\/todoapulmon-rafaela.com\/wp-content\/uploads\/2022\/01\/hockey-patines-argentinapng.png 1200w, https:\/\/todoapulmon-rafaela.com\/wp-content\/uploads\/2022\/01\/hockey-patines-argentinapng-300x168.png 300w\" sizes=\"(max-width: 1200px) 100vw, 1200px\" \/><br \/>\nLa m\u00e1xima autoridad del \u00e1rea de deportes sanjuanino dijo que se trabaja con las instituciones deportivas para comenzar a pedir el pase sanitario y ajustar los protocolos a fin de evitar que la curva de contagios siga en aumento.<\/p>\n<p>Fuentes: Vuelta a San Juan y Diario de Cuyo.<\/p>\n","protected":false},"excerpt":{"rendered":"<p>Por segundo a\u00f1o consecutivo, la Vuelta Cicl\u00edstica Internacional a San Juan fue cancelada debido a la emergencia sanitaria por la<\/p>\n","protected":false},"author":2,"featured_media":29083,"comment_status":"open","ping_status":"open","sticky":false,"template":"","format":"standard","meta":{"footnotes":""},"categories":[4,24],"tags":[],"class_list":["post-29080","post","type-post","status-publish","format-standard","has-post-thumbnail","hentry","category-ciclismo","category-noticias-destacadas"],"cc_featured_image_caption":{"caption_text":"","source_text":"","source_url":""},"_links":{"self":[{"href":"https:\/\/todoapulmon-rafaela.com\/index.php\/wp-json\/wp\/v2\/posts\/29080"}],"collection":[{"href":"https:\/\/todoapulmon-rafaela.com\/index.php\/wp-json\/wp\/v2\/posts"}],"about":[{"href":"https:\/\/todoapulmon-rafaela.com\/index.php\/wp-json\/wp\/v2\/types\/post"}],"author":[{"embeddable":true,"href":"https:\/\/todoapulmon-rafaela.com\/index.php\/wp-json\/wp\/v2\/users\/2"}],"replies":[{"embeddable":true,"href":"https:\/\/todoapulmon-rafaela.com\/index.php\/wp-json\/wp\/v2\/comments?post=29080"}],"version-history":[{"count":3,"href":"https:\/\/todoapulmon-rafaela.com\/index.php\/wp-json\/wp\/v2\/posts\/29080\/revisions"}],"predecessor-version":[{"id":29085,"href":"https:\/\/todoapulmon-rafaela.com\/index.php\/wp-json\/wp\/v2\/posts\/29080\/revisions\/29085"}],"wp:featuredmedia":[{"embeddable":true,"href":"https:\/\/todoapulmon-rafaela.com\/index.php\/wp-json\/wp\/v2\/media\/29083"}],"wp:attachment":[{"href":"https:\/\/todoapulmon-rafaela.com\/index.php\/wp-json\/wp\/v2\/media?parent=29080"}],"wp:term":[{"taxonomy":"category","embeddable":true,"href":"https:\/\/todoapulmon-rafaela.com\/index.php\/wp-json\/wp\/v2\/categories?post=29080"},{"taxonomy":"post_tag","embeddable":true,"href":"https:\/\/todoapulmon-rafaela.com\/index.php\/wp-json\/wp\/v2\/tags?post=29080"}],"curies":[{"name":"wp","href":"https:\/\/api.w.org\/{rel}","templated":true}]}}