{"id":29040,"date":"2021-12-29T15:06:30","date_gmt":"2021-12-29T15:06:30","guid":{"rendered":"https:\/\/todoapulmon-rafaela.com\/?p=29040"},"modified":"2021-12-29T15:13:41","modified_gmt":"2021-12-29T15:13:41","slug":"un-gran-ano-del-atletismo-rafaelino-reflejado-en-rankings-internacionales","status":"publish","type":"post","link":"https:\/\/todoapulmon-rafaela.com\/index.php\/2021\/12\/29\/un-gran-ano-del-atletismo-rafaelino-reflejado-en-rankings-internacionales\/","title":{"rendered":"Un gran a\u00f1o del atletismo rafaelino reflejado en rankings internacionales"},"content":{"rendered":"<p>Una recorrida por los rankings finales de 2021 a nivel mundial y sudamericano nos permiten destacar una vez m\u00e1s la confirmaci\u00f3n del gran momento del atletismo de nuestra ciudad.<br \/>\nA pesar de las carencias en infraestructura para el alto rendimiento en este deporte en nuestra ciudad, debido a la falta de una pista sint\u00e9tica, son varios los juveniles que han tenido una temporada con grandes logros.<br \/>\nCabe mencionar que los rankings se elaboran con las mejores marcas personales, que se toman de torneos oficiales con todas las condiciones para validar los registros. Puede coincidir que los mejores desempe\u00f1os se consigan en Nacionales o Sudamericanos, pero muchas veces no es as\u00ed. Por ello aparecen marcas logradas en torneos de menor relevancia, pero igualmente v\u00e1lidos para estos ordenamientos.<br \/>\nTom\u00e1s Mondino fue top ten mundial en 100 metros y lider\u00f3 su categor\u00eda en esta parte del continente en 100 y 200; Abril Okon qued\u00f3 entre las 50 mejores del mundo y tambi\u00e9n culmin\u00f3 primera en el salto en alto de su categor\u00eda en Sudam\u00e9rica.<br \/>\nTambi\u00e9n finalizaron entre los primeros de sus respectivas pruebas en el ranking Sudamericano, Pedro Emmert (el \u00fanico que puede entrenar en sint\u00e9tico habitualmente ya que vive en el CENARD) y Valent\u00edn Menossi.<br \/>\nA continuaci\u00f3n el resumen:<\/p>\n<p>TOMAS MONDINO<\/p>\n<p>Mondino finaliza el a\u00f1o en el noveno puesto del ranking mundial U18 de 100 metros con los 10s43 obtenidos en julio en el Sudamericano U20 de Lima.<br \/>\nDe los cinco primeros, cuatro son estadounidenses. El 1 es Erriyon Knighton con 10s16, el segundo Jordan Anthony 10s21, el cuarto Nyckoles Harbor 10s31 y el quinto Rodrick Pleasant 10s32. Entre ellos se meti\u00f3 tercero en el ranking final el franc\u00e9s Jeff Erius con 10s27.<br \/>\nEn 200 metros Knighton tambi\u00e9n culmin\u00f3 primero con 19s84, mientras que Tomy Mondino finaliza 2021 en el puesto 18 en esta distancia con los 21s24 conseguidos en Lima.<br \/>\nA nivel Sudamericano, en el ranking Absoluto, el representante del Club Ciclista entrenado por su padre Ceferino est\u00e1 entre los 25 mejores, siendo el brasilero Erik Cardoso el primero con 10s01; y primero en U18 con 16 cent\u00e9simas de diferencia sobre Ren\u00e1n Correa de Lima Gallina (Brasil).<br \/>\nEl velocista rafaelino tambi\u00e9n lider\u00f3 el ranking U18 de 200 metros con los 21s24 conseguidos en Per\u00fa, que en este caso le permitieron tener 36 cent\u00e9simas de diferencia con el segundo en el ordenamiento final del a\u00f1o, el paraguayo Jumhiler Tob\u00edas S\u00e1nchez.<\/p>\n<p>RANKING MUNDIAL 2021 U18 VARONES 100 METROS<\/p>\n<table class=\"records-table\">\n<tbody>\n<tr>\n<td data-th=\"Rank\">1<\/td>\n<td data-th=\"Mark\">10.16<\/td>\n<td data-th=\"WIND\">-0.3<\/td>\n<td data-th=\"Competitor\"><a href=\"https:\/\/www.worldathletics.org\/athletes\/athlete=14897541\">Erriyon KNIGHTON<\/a><\/td>\n<td data-th=\"DOB\">29 JAN 2004<\/td>\n<td data-th=\"Nat\"><img decoding=\"async\" class=\"tableflag\" src=\"https:\/\/media.aws.iaaf.org\/Flags\/USA.gif\" alt=\"USA\" \/>USA<\/td>\n<td data-th=\"Pos\">1<\/td>\n<td data-th=\" \"><\/td>\n<td data-th=\"Venue\">Boston, MA (USA)<\/td>\n<td data-th=\"Date\">23 MAY 2021<\/td>\n<td data-th=\"ResultScore\"><\/td>\n<\/tr>\n<tr>\n<td data-th=\"Rank\">2<\/td>\n<td data-th=\"Mark\">10.21<\/td>\n<td data-th=\"WIND\">+1.9<\/td>\n<td data-th=\"Competitor\"><a href=\"https:\/\/www.worldathletics.org\/athletes\/united-states\/jordan-anthony-14961803\">Jordan ANTHONY<\/a><\/td>\n<td data-th=\"DOB\">29 JUN 2004<\/td>\n<td data-th=\"Nat\"><img decoding=\"async\" class=\"tableflag\" src=\"https:\/\/media.aws.iaaf.org\/Flags\/USA.gif\" alt=\"USA\" \/>USA<\/td>\n<td data-th=\"Pos\">1<\/td>\n<td data-th=\" \"><\/td>\n<td data-th=\"Venue\">Hayward Field, Eugene, OR (USA)<\/td>\n<td data-th=\"Date\">02 JUL 2021<\/td>\n<td data-th=\"ResultScore\"><\/td>\n<\/tr>\n<tr>\n<td data-th=\"Rank\">3<\/td>\n<td data-th=\"Mark\">10.27<\/td>\n<td data-th=\"WIND\">+1.3<\/td>\n<td data-th=\"Competitor\"><a href=\"https:\/\/www.worldathletics.org\/athletes\/athlete=14909605\">Jeff ERIUS<\/a><\/td>\n<td data-th=\"DOB\">08 MAR 2004<\/td>\n<td data-th=\"Nat\"><img decoding=\"async\" class=\"tableflag\" src=\"https:\/\/media.aws.iaaf.org\/Flags\/FRA.gif\" alt=\"FRA\" \/>FRA<\/td>\n<td data-th=\"Pos\">2f1<\/td>\n<td data-th=\" \"><\/td>\n<td data-th=\"Venue\">Kadrioru staadion, Tallinn (EST)<\/td>\n<td data-th=\"Date\">16 JUL 2021<\/td>\n<td data-th=\"ResultScore\"><\/td>\n<\/tr>\n<tr>\n<td data-th=\"Rank\">4<\/td>\n<td data-th=\"Mark\">10.31<\/td>\n<td data-th=\"WIND\">+1.9<\/td>\n<td data-th=\"Competitor\"><a href=\"https:\/\/www.worldathletics.org\/athletes\/athlete=14913872\">Nyckoles HARBOR<\/a><\/td>\n<td data-th=\"DOB\">2005<\/td>\n<td data-th=\"Nat\"><img decoding=\"async\" class=\"tableflag\" src=\"https:\/\/media.aws.iaaf.org\/Flags\/USA.gif\" alt=\"USA\" \/>USA<\/td>\n<td data-th=\"Pos\">2<\/td>\n<td data-th=\" \"><\/td>\n<td data-th=\"Venue\">Hayward Field, Eugene, OR (USA)<\/td>\n<td data-th=\"Date\">02 JUL 2021<\/td>\n<td data-th=\"ResultScore\"><\/td>\n<\/tr>\n<tr>\n<td data-th=\"Rank\">5<\/td>\n<td data-th=\"Mark\">10.32<\/td>\n<td data-th=\"WIND\">+1.7<\/td>\n<td data-th=\"Competitor\"><a href=\"https:\/\/www.worldathletics.org\/athletes\/athlete=14937242\">Rodrick PLEASANT<\/a><\/td>\n<td data-th=\"DOB\"><\/td>\n<td data-th=\"Nat\"><img decoding=\"async\" class=\"tableflag\" src=\"https:\/\/media.aws.iaaf.org\/Flags\/USA.gif\" alt=\"USA\" \/>USA<\/td>\n<td data-th=\"Pos\">2<\/td>\n<td data-th=\" \"><\/td>\n<td data-th=\"Venue\">Arcadia HS Track, Arcadia, CA (USA)<\/td>\n<td data-th=\"Date\">26 JUN 2021<\/td>\n<td data-th=\"ResultScore\"><\/td>\n<\/tr>\n<tr>\n<td data-th=\"Rank\">6<\/td>\n<td data-th=\"Mark\">10.37<\/td>\n<td data-th=\"WIND\">+1.2<\/td>\n<td data-th=\"Competitor\"><a href=\"https:\/\/www.worldathletics.org\/athletes\/athlete=14880423\">Alicke CRANSTON<\/a><\/td>\n<td data-th=\"DOB\">06 MAY 2004<\/td>\n<td data-th=\"Nat\"><img decoding=\"async\" class=\"tableflag\" src=\"https:\/\/media.aws.iaaf.org\/Flags\/JAM.gif\" alt=\"JAM\" \/>JAM<\/td>\n<td data-th=\"Pos\">1<\/td>\n<td data-th=\" \"><\/td>\n<td data-th=\"Venue\">National Stadium, Kingston (JAM)<\/td>\n<td data-th=\"Date\">24 JUN 2021<\/td>\n<td data-th=\"ResultScore\"><\/td>\n<\/tr>\n<tr>\n<td data-th=\"Rank\">6<\/td>\n<td data-th=\"Mark\">10.37<\/td>\n<td data-th=\"WIND\">+1.6<\/td>\n<td data-th=\"Competitor\"><a href=\"https:\/\/www.worldathletics.org\/athletes\/japan\/yuto-muraoka-014954732\">Yuto MURAOKA<\/a><\/td>\n<td data-th=\"DOB\">30 DEC 2004<\/td>\n<td data-th=\"Nat\"><img decoding=\"async\" class=\"tableflag\" src=\"https:\/\/media.aws.iaaf.org\/Flags\/JPN.gif\" alt=\"JPN\" \/>JPN<\/td>\n<td data-th=\"Pos\">1h2<\/td>\n<td data-th=\" \"><\/td>\n<td data-th=\"Venue\">Prefectural Sports Park, Miyazaki (JPN)<\/td>\n<td data-th=\"Date\">09 OCT 2021<\/td>\n<td data-th=\"ResultScore\"><\/td>\n<\/tr>\n<tr>\n<td data-th=\"Rank\">8<\/td>\n<td data-th=\"Mark\">10.40<\/td>\n<td data-th=\"WIND\">+0.5<\/td>\n<td data-th=\"Competitor\"><a href=\"https:\/\/www.worldathletics.org\/athletes\/athlete=14889321\">Kevar WILLIAMS<\/a><\/td>\n<td data-th=\"DOB\">2004<\/td>\n<td data-th=\"Nat\"><img decoding=\"async\" class=\"tableflag\" src=\"https:\/\/media.aws.iaaf.org\/Flags\/USA.gif\" alt=\"USA\" \/>USA<\/td>\n<td data-th=\"Pos\">1f2<\/td>\n<td data-th=\" \"><\/td>\n<td data-th=\"Venue\">Flagler Palm Coach HS Track, Bunnell, FL (USA)<\/td>\n<td data-th=\"Date\">01 MAY 2021<\/td>\n<td data-th=\"ResultScore\"><\/td>\n<\/tr>\n<tr>\n<td data-th=\"Rank\">9<\/td>\n<td data-th=\"Mark\">10.43<\/td>\n<td data-th=\"WIND\">+1.5<\/td>\n<td data-th=\"Competitor\"><a href=\"https:\/\/www.worldathletics.org\/athletes\/argentina\/tomas-mondino-14961793\">Tom\u00e1s MONDINO<\/a><\/td>\n<td data-th=\"DOB\">27 MAY 2005<\/td>\n<td data-th=\"Nat\"><img decoding=\"async\" class=\"tableflag\" src=\"https:\/\/media.aws.iaaf.org\/Flags\/ARG.gif\" alt=\"ARG\" \/>ARG<\/td>\n<td data-th=\"Pos\">1<\/td>\n<td data-th=\" \"><\/td>\n<td data-th=\"Venue\">Lima (PER)<\/td>\n<td data-th=\"Date\">09 JUL 2021<\/td>\n<td data-th=\"ResultScore\"><\/td>\n<\/tr>\n<tr>\n<td data-th=\"Rank\">10<\/td>\n<td data-th=\"Mark\">10.46<\/td>\n<td data-th=\"WIND\">+1.2<\/td>\n<td data-th=\"Competitor\"><a href=\"https:\/\/www.worldathletics.org\/athletes\/athlete=14914519\">Lennart HARTENBERG<\/a><\/td>\n<td data-th=\"DOB\">20 MAR 2004<\/td>\n<td data-th=\"Nat\"><img decoding=\"async\" class=\"tableflag\" src=\"https:\/\/media.aws.iaaf.org\/Flags\/GER.gif\" alt=\"GER\" \/>GER<\/td>\n<td data-th=\"Pos\">1<\/td>\n<td data-th=\" \"><\/td>\n<td data-th=\"Venue\">Leichtathletikstadion, Rostock (GER)<\/td>\n<td data-th=\"Date\">01 AUG 2021<\/td>\n<td data-th=\"ResultScore\"><\/td>\n<\/tr>\n<\/tbody>\n<\/table>\n<p>&nbsp;<\/p>\n<p><strong>RANKING SUDAMERICANO 2021 \u2013 u18 VARONES<\/strong><\/p>\n<p><strong>\u00a0<\/strong><strong>100 metros llanos<\/strong><\/p>\n<p>10.43\u00a0\u00a0\u00a0\u00a0 1.5\u00a0\u00a0\u00a0\u00a0\u00a0\u00a0\u00a0\u00a0\u00a0 Tom\u00e1s Pablo Mondino\u00a0\u00a0\u00a0\u00a0\u00a0\u00a0\u00a0\u00a0\u00a0\u00a0\u00a0\u00a0\u00a0\u00a0\u00a0\u00a0\u00a0\u00a0\u00a0\u00a0 ARG\u00a0\u00a0\u00a0\u00a0\u00a0\u00a0 270505\u00a0 1\u00a0\u00a0\u00a0\u00a0\u00a0\u00a0\u00a0\u00a0\u00a0\u00a0\u00a0\u00a0 SamCu20 Lima\u00a0\u00a0\u00a0\u00a0\u00a0\u00a0\u00a0\u00a0\u00a0\u00a0\u00a0\u00a0\u00a0\u00a0\u00a0\u00a0\u00a0 09.07<\/p>\n<p>10.59\u00a0\u00a0\u00a0\u00a0 1.6\u00a0\u00a0\u00a0\u00a0\u00a0\u00a0\u00a0\u00a0\u00a0 Ren\u00e1n Correa de Lima Gallina\u00a0\u00a0\u00a0\u00a0\u00a0\u00a0 BRA\u00a0\u00a0\u00a0\u00a0\u00a0\u00a0 150304\u00a0 2\u00a0\u00a0\u00a0\u00a0\u00a0\u00a0\u00a0\u00a0\u00a0\u00a0\u00a0\u00a0 NCu20\u00a0\u00a0 Brag. Paulista\u00a0\u00a0\u00a0\u00a0\u00a0 21.05<\/p>\n<p>10.61\u00a0\u00a0\u00a0\u00a0 2.0\u00a0\u00a0\u00a0\u00a0\u00a0\u00a0\u00a0\u00a0\u00a0 Enzo de Castro Barros\u00a0\u00a0\u00a0\u00a0\u00a0\u00a0\u00a0\u00a0\u00a0\u00a0\u00a0\u00a0\u00a0\u00a0\u00a0\u00a0\u00a0\u00a0\u00a0\u00a0\u00a0 BRA\u00a0\u00a0\u00a0\u00a0\u00a0\u00a0 260204\u00a0 8\u00a0\u00a0\u00a0\u00a0\u00a0\u00a0\u00a0\u00a0\u00a0\u00a0\u00a0\u00a0 NCu23\u00a0\u00a0 Brag. Paulista\u00a0\u00a0\u00a0\u00a0\u00a0 04.09<\/p>\n<p>10.75\u00a0\u00a0\u00a0\u00a0 -1.3\u00a0\u00a0\u00a0\u00a0\u00a0\u00a0\u00a0\u00a0 Benjam\u00edn Ignacio Aravena\u00a0\u00a0\u00a0\u00a0\u00a0\u00a0\u00a0\u00a0\u00a0\u00a0\u00a0\u00a0 CHI\u00a0\u00a0\u00a0\u00a0\u00a0\u00a0\u00a0 190805\u00a0 2rA\u00a0\u00a0\u00a0\u00a0\u00a0\u00a0\u00a0\u00a0 Guaita\u00a0\u00a0 Santiago CHI\u00a0\u00a0\u00a0\u00a0\u00a0 24.10<\/p>\n<p>ABRIL OKON<\/p>\n<p>La atleta del CRAS entrenada por Leandro Bonamino se ubic\u00f3 en el puesto 48 del ranking U18 de World Athletics con la marca de 1m75 obtenida en el mes de marzo.<br \/>\nEl mejor registro en esta categor\u00eda durante 2021 fue para la alemana Johanna G\u00f6ring que en mayo en Stuttgart tuvo un registro de 1m92, cuatro cent\u00edmetros m\u00e1s que la serbia Angelina Topic y la belga Merel Maes.<br \/>\nA nivel Sudamericano Abril Okon se ubic\u00f3 primera con la citada marca, aventajando por un cent\u00edmetro a la brasilera Gabriela Da Silva Araujo y la uruguaya Silvina Gil, y por dos cent\u00edmetros a la tambi\u00e9n argentina Joaquina Dur\u00e1 y la brasilera Luisa Colares L\u00f3pez.<\/p>\n<p><img loading=\"lazy\" decoding=\"async\" class=\"alignnone size-full wp-image-29043\" src=\"https:\/\/todoapulmon-rafaela.com\/wp-content\/uploads\/2021\/12\/Okon-Encarnacion.jpg\" alt=\"\" width=\"960\" height=\"960\" srcset=\"https:\/\/todoapulmon-rafaela.com\/wp-content\/uploads\/2021\/12\/Okon-Encarnacion.jpg 960w, https:\/\/todoapulmon-rafaela.com\/wp-content\/uploads\/2021\/12\/Okon-Encarnacion-300x300.jpg 300w, https:\/\/todoapulmon-rafaela.com\/wp-content\/uploads\/2021\/12\/Okon-Encarnacion-150x150.jpg 150w\" sizes=\"(max-width: 960px) 100vw, 960px\" \/><br \/>\nPor otra parte, a comienzos de a\u00f1o fue campeona Argentina de la categor\u00eda en heptatlon con 4.255 puntos y esa marca la ubic\u00f3 und\u00e9cima a nivel Sudamericano.<br \/>\nAdem\u00e1s, qued\u00f3 octava en el ranking Absoluto del a\u00f1o de salto en alto (todas las categor\u00edas).<\/p>\n<p>RANKING SALTO EN ALTO U18 MUJERES 2021<\/p>\n<p>1.75\u00a0\u00a0\u00a0\u00a0\u00a0\u00a0\u00a0\u00a0\u00a0\u00a0\u00a0\u00a0\u00a0\u00a0\u00a0\u00a0\u00a0\u00a0\u00a0\u00a0\u00a0\u00a0 Abril Okon\u00a0\u00a0\u00a0\u00a0\u00a0\u00a0\u00a0\u00a0\u00a0\u00a0\u00a0\u00a0\u00a0\u00a0\u00a0\u00a0\u00a0\u00a0\u00a0\u00a0\u00a0\u00a0\u00a0\u00a0\u00a0\u00a0\u00a0\u00a0\u00a0\u00a0\u00a0\u00a0\u00a0\u00a0\u00a0\u00a0\u00a0\u00a0\u00a0\u00a0\u00a0\u00a0 ARG\u00a0\u00a0\u00a0\u00a0\u00a0\u00a0 280704\u00a0 1\u00a0\u00a0\u00a0\u00a0\u00a0\u00a0\u00a0\u00a0\u00a0\u00a0\u00a0\u00a0 Prov\u00a0\u00a0\u00a0\u00a0\u00a0\u00a0 Rosario\u00a0\u00a0\u00a0\u00a0\u00a0\u00a0\u00a0\u00a0\u00a0\u00a0\u00a0\u00a0\u00a0\u00a0\u00a0\u00a0 21.03<\/p>\n<p>1.74\u00a0\u00a0\u00a0\u00a0\u00a0\u00a0\u00a0\u00a0\u00a0\u00a0\u00a0\u00a0\u00a0\u00a0\u00a0\u00a0\u00a0\u00a0\u00a0\u00a0\u00a0\u00a0 Gabriela da Silva Araujo Gil de S\u00e1 BRA\u00a0\u00a0\u00a0\u00a0\u00a0\u00a0 160604\u00a0 1\u00a0\u00a0\u00a0\u00a0\u00a0\u00a0\u00a0\u00a0\u00a0\u00a0\u00a0\u00a0 Est u20\u00a0 Cascavel\u00a0\u00a0\u00a0\u00a0\u00a0\u00a0\u00a0\u00a0\u00a0\u00a0\u00a0\u00a0\u00a0\u00a0 01.05<\/p>\n<p>1.74\u00a0\u00a0\u00a0\u00a0\u00a0\u00a0\u00a0\u00a0\u00a0\u00a0\u00a0\u00a0\u00a0\u00a0\u00a0\u00a0\u00a0\u00a0\u00a0\u00a0\u00a0\u00a0 Silvina Gil\u00a0\u00a0\u00a0\u00a0\u00a0\u00a0\u00a0\u00a0\u00a0\u00a0\u00a0\u00a0\u00a0\u00a0\u00a0\u00a0\u00a0\u00a0\u00a0\u00a0\u00a0\u00a0\u00a0\u00a0\u00a0\u00a0\u00a0\u00a0\u00a0\u00a0\u00a0\u00a0\u00a0\u00a0\u00a0\u00a0\u00a0\u00a0\u00a0\u00a0\u00a0\u00a0\u00a0 URU\u00a0\u00a0\u00a0\u00a0\u00a0\u00a0 190905\u00a0 4\u00a0\u00a0\u00a0\u00a0\u00a0\u00a0\u00a0\u00a0\u00a0\u00a0\u00a0\u00a0 SamC\u00a0\u00a0\u00a0 Guayaquil\u00a0\u00a0\u00a0\u00a0\u00a0\u00a0\u00a0\u00a0\u00a0\u00a0\u00a0 30.05<\/p>\n<p>1.73\u00a0\u00a0\u00a0\u00a0\u00a0\u00a0\u00a0\u00a0\u00a0\u00a0\u00a0\u00a0\u00a0\u00a0\u00a0\u00a0\u00a0\u00a0\u00a0\u00a0\u00a0\u00a0 Joaquina Dur\u00e1\u00a0\u00a0\u00a0\u00a0\u00a0\u00a0\u00a0\u00a0\u00a0\u00a0\u00a0\u00a0\u00a0\u00a0\u00a0\u00a0\u00a0\u00a0\u00a0\u00a0\u00a0\u00a0\u00a0\u00a0\u00a0\u00a0\u00a0\u00a0\u00a0\u00a0\u00a0\u00a0\u00a0\u00a0\u00a0 ARG\u00a0\u00a0\u00a0\u00a0\u00a0\u00a0 141005\u00a0 3\u00a0\u00a0\u00a0\u00a0\u00a0\u00a0\u00a0\u00a0\u00a0\u00a0\u00a0\u00a0 SamCu20 Lima \u00a0\u00a0\u00a0\u00a0\u00a0\u00a0\u00a0\u00a0\u00a0\u00a0\u00a0\u00a0\u00a0\u00a0\u00a0\u00a0 10.07<\/p>\n<p>1.73\u00a0\u00a0\u00a0\u00a0\u00a0\u00a0\u00a0\u00a0\u00a0\u00a0\u00a0\u00a0\u00a0\u00a0\u00a0\u00a0\u00a0\u00a0\u00a0\u00a0\u00a0\u00a0 Luisa Lummertz Colares Lopes\u00a0\u00a0\u00a0\u00a0\u00a0 BRA\u00a0\u00a0\u00a0\u00a0\u00a0\u00a0 270105\u00a0 1\u00a0\u00a0\u00a0\u00a0\u00a0\u00a0\u00a0\u00a0\u00a0\u00a0\u00a0\u00a0\u00a0\u00a0\u00a0\u00a0\u00a0\u00a0\u00a0\u00a0\u00a0\u00a0\u00a0\u00a0\u00a0\u00a0\u00a0\u00a0 Timb\u00f3\u00a0\u00a0\u00a0\u00a0\u00a0\u00a0\u00a0\u00a0\u00a0\u00a0\u00a0\u00a0\u00a0\u00a0\u00a0\u00a0\u00a0\u00a0 29.10<\/p>\n<p>PEDRO EMMERT<\/p>\n<p>Pasando a U20, Pedro Emmert logr\u00f3 finalizar en el d\u00e9cimo puesto a nivel Sudamericano en 400 metros llanos con los 47s87 registrados en Rosario el 9 de octubre, en el Nacional de Clubes. El mejor tiempo en esta distancia lo logr\u00f3 en esta parte del continente el guyan\u00e9s Revon Williams con 46s60, y con buena diferencia de 64 cent\u00e9simas sobre quien finaliz\u00f3 segundo, el colombiano Jonathan Rodriguez.<\/p>\n<p><img loading=\"lazy\" decoding=\"async\" class=\"alignnone size-full wp-image-29044\" src=\"https:\/\/todoapulmon-rafaela.com\/wp-content\/uploads\/2021\/12\/Emmert-2.jpg\" alt=\"\" width=\"570\" height=\"668\" srcset=\"https:\/\/todoapulmon-rafaela.com\/wp-content\/uploads\/2021\/12\/Emmert-2.jpg 570w, https:\/\/todoapulmon-rafaela.com\/wp-content\/uploads\/2021\/12\/Emmert-2-256x300.jpg 256w\" sizes=\"(max-width: 570px) 100vw, 570px\" \/><br \/>\nEn 800 metros, la posici\u00f3n fue mejor a\u00fan para el atleta de nuestra ciudad que en Buenos Aires representa al Club Quir\u00f3n. Qued\u00f3 quinto con 1m51s70, el tiempo que le vali\u00f3 la medalla de plata en el Sudamericano de la categor\u00eda en Lima. El brasile\u00f1o Leonardo Santos de Jes\u00fas qued\u00f3 primero en el ordenamiento con 1m46s97.<\/p>\n<p>RANKING SUDAMERICANO U20 800 METROS VARONES<\/p>\n<p>1:46.97\u00a0\u00a0\u00a0\u00a0\u00a0\u00a0\u00a0\u00a0\u00a0\u00a0\u00a0\u00a0\u00a0\u00a0\u00a0\u00a0 Leonardo Santos de Jes\u00fas\u00a0\u00a0\u00a0\u00a0\u00a0\u00a0\u00a0\u00a0\u00a0\u00a0\u00a0\u00a0\u00a0\u00a0\u00a0\u00a0\u00a0\u00a0\u00a0\u00a0\u00a0\u00a0\u00a0\u00a0\u00a0\u00a0\u00a0\u00a0\u00a0\u00a0\u00a0 BRA\u00a0\u00a0\u00a0\u00a0\u00a0\u00a0 270102\u00a0 3\u00a0\u00a0\u00a0\u00a0\u00a0\u00a0\u00a0\u00a0\u00a0\u00a0\u00a0\u00a0 TB\u00a0\u00a0\u00a0\u00a0\u00a0\u00a0\u00a0\u00a0\u00a0 S\u00e3o Paulo\u00a0\u00a0\u00a0\u00a0\u00a0\u00a0\u00a0\u00a0\u00a0\u00a0\u00a0\u00a0 11.06<\/p>\n<p>1:47.01\u00a0\u00a0\u00a0\u00a0\u00a0\u00a0\u00a0\u00a0\u00a0\u00a0\u00a0\u00a0\u00a0\u00a0\u00a0\u00a0 Jhonatan David Rodr\u00edguez\u00a0\u00a0\u00a0\u00a0\u00a0\u00a0\u00a0\u00a0\u00a0\u00a0\u00a0\u00a0\u00a0 COL\u00a0\u00a0\u00a0\u00a0\u00a0\u00a0 050202\u00a0 2\u00a0\u00a0\u00a0\u00a0\u00a0\u00a0\u00a0\u00a0\u00a0\u00a0\u00a0\u00a0 SamC\u00a0\u00a0\u00a0 Guayaquil\u00a0\u00a0\u00a0\u00a0\u00a0\u00a0\u00a0\u00a0\u00a0\u00a0\u00a0 31.05<\/p>\n<p>1:51.03\u00a0\u00a0\u00a0\u00a0\u00a0\u00a0\u00a0\u00a0\u00a0\u00a0\u00a0\u00a0\u00a0\u00a0\u00a0\u00a0 Pedro Luiz Tombolim de Souza\u00a0\u00a0\u00a0\u00a0\u00a0 BRA\u00a0\u00a0\u00a0\u00a0\u00a0\u00a0 270302\u00a0 1h2\u00a0\u00a0\u00a0\u00a0\u00a0\u00a0\u00a0\u00a0 TB\u00a0\u00a0\u00a0\u00a0\u00a0\u00a0\u00a0\u00a0\u00a0 S\u00e3o Paulo\u00a0\u00a0\u00a0\u00a0\u00a0\u00a0\u00a0\u00a0\u00a0\u00a0\u00a0\u00a0 10.06<\/p>\n<p>1:51.24\u00a0\u00a0\u00a0\u00a0\u00a0\u00a0\u00a0\u00a0\u00a0\u00a0\u00a0\u00a0\u00a0\u00a0\u00a0\u00a0 Gabriel Porfirio dos Santos\u00a0\u00a0\u00a0\u00a0\u00a0\u00a0\u00a0\u00a0\u00a0\u00a0\u00a0\u00a0\u00a0\u00a0 BRA\u00a0\u00a0\u00a0\u00a0\u00a0\u00a0 110404\u00a0 1\u00a0\u00a0\u00a0\u00a0\u00a0\u00a0\u00a0\u00a0\u00a0\u00a0\u00a0\u00a0 Sam u18\u00a0\u00a0\u00a0\u00a0\u00a0\u00a0\u00a0\u00a0\u00a0\u00a0\u00a0\u00a0\u00a0\u00a0 Encarnaci\u00f3n\u00a0\u00a0\u00a0\u00a0\u00a0\u00a0\u00a0 26.09<\/p>\n<p>1:51.70\u00a0\u00a0\u00a0\u00a0\u00a0\u00a0\u00a0\u00a0\u00a0\u00a0\u00a0\u00a0\u00a0\u00a0\u00a0\u00a0 Pedro Emmert\u00a0\u00a0\u00a0\u00a0\u00a0\u00a0\u00a0\u00a0\u00a0\u00a0\u00a0\u00a0\u00a0\u00a0\u00a0\u00a0\u00a0\u00a0\u00a0\u00a0\u00a0\u00a0\u00a0\u00a0\u00a0\u00a0\u00a0\u00a0\u00a0\u00a0\u00a0\u00a0\u00a0\u00a0\u00a0\u00a0 ARG\u00a0\u00a0\u00a0\u00a0\u00a0\u00a0 110602\u00a0 2\u00a0\u00a0\u00a0\u00a0\u00a0\u00a0\u00a0\u00a0\u00a0\u00a0\u00a0\u00a0 SamCu20 Lima PER\u00a0\u00a0\u00a0\u00a0\u00a0\u00a0\u00a0\u00a0 09.07<\/p>\n<p>LOS MARTILLEROS<\/p>\n<p>En el ranking U18 de lanzamiento de martillo qued\u00f3 13\u00ba Mateo M\u00e9ndez con el registro de 56m62 logrado en marzo en Santa Fe. El mejor fue Jean Carlos Ortiz (Colombia) con 72m69.<br \/>\nOtro atleta destacado en el ranking final Sudamericano en U20 fue Valent\u00edn Menossi. Qued\u00f3 ubicado en el cuarto puesto de lanzamiento del martillo (implemento 7,260 kg) con 55m08, conseguidos en Santa Fe el 20 de febrero. El entrerriano Sebasti\u00e1n Tommasi tuvo el mejor registro en Concepci\u00f3n del Uruguay, en septiembre con 60m21.<\/p>\n<p><img loading=\"lazy\" decoding=\"async\" class=\"alignnone size-full wp-image-29045\" src=\"https:\/\/todoapulmon-rafaela.com\/wp-content\/uploads\/2021\/12\/Menossi-1.png\" alt=\"\" width=\"194\" height=\"380\" srcset=\"https:\/\/todoapulmon-rafaela.com\/wp-content\/uploads\/2021\/12\/Menossi-1.png 194w, https:\/\/todoapulmon-rafaela.com\/wp-content\/uploads\/2021\/12\/Menossi-1-153x300.png 153w\" sizes=\"(max-width: 194px) 100vw, 194px\" \/><\/p>\n<p>RANKING U20 LANZAMIENTO DE MARTILLO VARONES<\/p>\n<p>60.21\u00a0\u00a0\u00a0\u00a0\u00a0\u00a0\u00a0\u00a0\u00a0\u00a0\u00a0\u00a0\u00a0\u00a0\u00a0\u00a0\u00a0\u00a0\u00a0\u00a0 Sebasti\u00e1n Ariel Tommasi\u00a0\u00a0\u00a0\u00a0\u00a0\u00a0\u00a0\u00a0\u00a0\u00a0\u00a0\u00a0\u00a0\u00a0\u00a0\u00a0 ARG\u00a0\u00a0\u00a0\u00a0\u00a0\u00a0 081002\u00a0 1\u00a0\u00a0\u00a0\u00a0\u00a0\u00a0\u00a0\u00a0\u00a0\u00a0\u00a0\u00a0\u00a0\u00a0\u00a0\u00a0\u00a0\u00a0\u00a0\u00a0\u00a0\u00a0\u00a0\u00a0\u00a0\u00a0\u00a0\u00a0 Conc. Uruguay\u00a0\u00a0\u00a0 25.09<\/p>\n<p>59.24 a\u00a0\u00a0\u00a0\u00a0\u00a0\u00a0\u00a0\u00a0\u00a0\u00a0\u00a0\u00a0\u00a0\u00a0\u00a0\u00a0\u00a0 Jean Carlos Ortiz\u00a0\u00a0\u00a0\u00a0\u00a0\u00a0\u00a0\u00a0\u00a0\u00a0\u00a0\u00a0\u00a0\u00a0\u00a0\u00a0\u00a0\u00a0\u00a0\u00a0\u00a0\u00a0\u00a0\u00a0\u00a0\u00a0\u00a0\u00a0\u00a0\u00a0\u00a0 COL\u00a0\u00a0\u00a0\u00a0\u00a0\u00a0 040804\u00a0 2\u00a0\u00a0\u00a0\u00a0\u00a0\u00a0\u00a0\u00a0\u00a0\u00a0\u00a0\u00a0\u00a0\u00a0\u00a0\u00a0\u00a0\u00a0\u00a0\u00a0\u00a0\u00a0\u00a0\u00a0\u00a0\u00a0\u00a0\u00a0 Bogot\u00e1\u00a0\u00a0\u00a0\u00a0\u00a0\u00a0\u00a0\u00a0\u00a0\u00a0\u00a0\u00a0\u00a0\u00a0\u00a0\u00a0\u00a0 06.11<\/p>\n<p>55.45\u00a0\u00a0\u00a0\u00a0\u00a0\u00a0\u00a0\u00a0\u00a0\u00a0\u00a0\u00a0\u00a0\u00a0\u00a0\u00a0\u00a0\u00a0\u00a0\u00a0 Luis Alejandro N\u00fa\u00f1ez\u00a0\u00a0\u00a0\u00a0\u00a0\u00a0\u00a0\u00a0\u00a0\u00a0\u00a0\u00a0\u00a0\u00a0\u00a0\u00a0\u00a0\u00a0\u00a0\u00a0\u00a0\u00a0 ARG\u00a0\u00a0\u00a0\u00a0\u00a0\u00a0 020302\u00a0 1\u00a0\u00a0\u00a0\u00a0\u00a0\u00a0\u00a0\u00a0\u00a0\u00a0\u00a0\u00a0\u00a0\u00a0\u00a0\u00a0\u00a0\u00a0\u00a0\u00a0\u00a0\u00a0\u00a0\u00a0\u00a0\u00a0\u00a0\u00a0 Resistencia\u00a0\u00a0\u00a0\u00a0\u00a0\u00a0\u00a0\u00a0\u00a0\u00a0 21.08<\/p>\n<p>55.08\u00a0\u00a0\u00a0\u00a0\u00a0\u00a0\u00a0\u00a0\u00a0\u00a0\u00a0\u00a0\u00a0\u00a0\u00a0\u00a0\u00a0\u00a0\u00a0\u00a0 Valent\u00edn Menossi\u00a0\u00a0\u00a0\u00a0\u00a0\u00a0\u00a0\u00a0\u00a0\u00a0\u00a0\u00a0\u00a0\u00a0\u00a0\u00a0\u00a0\u00a0\u00a0\u00a0\u00a0\u00a0\u00a0\u00a0\u00a0\u00a0\u00a0\u00a0\u00a0\u00a0 ARG\u00a0\u00a0\u00a0\u00a0\u00a0\u00a0 121202\u00a0 1\u00a0\u00a0\u00a0\u00a0\u00a0\u00a0\u00a0\u00a0\u00a0\u00a0\u00a0\u00a0\u00a0\u00a0\u00a0\u00a0\u00a0\u00a0\u00a0\u00a0\u00a0\u00a0\u00a0\u00a0\u00a0\u00a0\u00a0\u00a0 Santa Fe\u00a0\u00a0\u00a0\u00a0\u00a0\u00a0\u00a0\u00a0\u00a0\u00a0\u00a0\u00a0\u00a0\u00a0\u00a0\u00a0\u00a0\u00a0\u00a0\u00a0\u00a0\u00a0\u00a0\u00a0\u00a0\u00a0\u00a0\u00a0\u00a0\u00a0 20.02<\/p>\n<p>53.28 a\u00a0\u00a0\u00a0\u00a0\u00a0\u00a0\u00a0\u00a0\u00a0\u00a0\u00a0\u00a0\u00a0\u00a0\u00a0\u00a0\u00a0 Juan Camilo D\u00edaz\u00a0\u00a0\u00a0\u00a0\u00a0\u00a0\u00a0\u00a0\u00a0\u00a0\u00a0\u00a0\u00a0\u00a0\u00a0\u00a0\u00a0\u00a0\u00a0\u00a0\u00a0\u00a0\u00a0\u00a0\u00a0\u00a0\u00a0\u00a0\u00a0 COL\u00a0\u00a0\u00a0\u00a0\u00a0\u00a0 190503\u00a0 3\u00a0\u00a0\u00a0\u00a0\u00a0\u00a0\u00a0\u00a0\u00a0\u00a0\u00a0\u00a0 NCu23\u00a0\u00a0 Bogot\u00e1\u00a0\u00a0\u00a0\u00a0\u00a0\u00a0\u00a0\u00a0\u00a0\u00a0\u00a0\u00a0\u00a0\u00a0\u00a0\u00a0\u00a0 26.09.<\/p>\n","protected":false},"excerpt":{"rendered":"<p>Una recorrida por los rankings finales de 2021 a nivel mundial y sudamericano nos permiten destacar una vez m\u00e1s la<\/p>\n","protected":false},"author":2,"featured_media":29047,"comment_status":"open","ping_status":"open","sticky":false,"template":"","format":"standard","meta":{"footnotes":""},"categories":[7,24],"tags":[],"class_list":["post-29040","post","type-post","status-publish","format-standard","has-post-thumbnail","hentry","category-atletismo","category-noticias-destacadas"],"cc_featured_image_caption":{"caption_text":"Tom\u00e1s Mondino cuando regres\u00f3 a nuestra ciudad tras el gran Sudamericano en Lima.","source_text":"","source_url":""},"_links":{"self":[{"href":"https:\/\/todoapulmon-rafaela.com\/index.php\/wp-json\/wp\/v2\/posts\/29040"}],"collection":[{"href":"https:\/\/todoapulmon-rafaela.com\/index.php\/wp-json\/wp\/v2\/posts"}],"about":[{"href":"https:\/\/todoapulmon-rafaela.com\/index.php\/wp-json\/wp\/v2\/types\/post"}],"author":[{"embeddable":true,"href":"https:\/\/todoapulmon-rafaela.com\/index.php\/wp-json\/wp\/v2\/users\/2"}],"replies":[{"embeddable":true,"href":"https:\/\/todoapulmon-rafaela.com\/index.php\/wp-json\/wp\/v2\/comments?post=29040"}],"version-history":[{"count":2,"href":"https:\/\/todoapulmon-rafaela.com\/index.php\/wp-json\/wp\/v2\/posts\/29040\/revisions"}],"predecessor-version":[{"id":29046,"href":"https:\/\/todoapulmon-rafaela.com\/index.php\/wp-json\/wp\/v2\/posts\/29040\/revisions\/29046"}],"wp:featuredmedia":[{"embeddable":true,"href":"https:\/\/todoapulmon-rafaela.com\/index.php\/wp-json\/wp\/v2\/media\/29047"}],"wp:attachment":[{"href":"https:\/\/todoapulmon-rafaela.com\/index.php\/wp-json\/wp\/v2\/media?parent=29040"}],"wp:term":[{"taxonomy":"category","embeddable":true,"href":"https:\/\/todoapulmon-rafaela.com\/index.php\/wp-json\/wp\/v2\/categories?post=29040"},{"taxonomy":"post_tag","embeddable":true,"href":"https:\/\/todoapulmon-rafaela.com\/index.php\/wp-json\/wp\/v2\/tags?post=29040"}],"curies":[{"name":"wp","href":"https:\/\/api.w.org\/{rel}","templated":true}]}}