{"id":2904,"date":"2016-10-04T17:02:51","date_gmt":"2016-10-04T17:02:51","guid":{"rendered":"http:\/\/todoapulmon-rafaela.com\/?p=2904"},"modified":"2016-10-04T17:02:51","modified_gmt":"2016-10-04T17:02:51","slug":"presentaron-las-olimpiadas-universitarias","status":"publish","type":"post","link":"https:\/\/todoapulmon-rafaela.com\/index.php\/2016\/10\/04\/presentaron-las-olimpiadas-universitarias\/","title":{"rendered":"Presentaron las Olimp\u00edadas Universitarias"},"content":{"rendered":"<p>Este martes se realiz\u00f3, en el Sal\u00f3n Verde de la Municipalidad de Rafaela, la presentaci\u00f3n de las primeras Olimp\u00edadas Universitarias, que se realizar\u00e1n el jueves en las instalaciones del Centro de Educaci\u00f3n F\u00edsica N\u00ba 53.<\/p>\n<p>\u00abEs un d\u00eda muy importante. Cuando comenzamos la gesti\u00f3n ten\u00edamos el sue\u00f1o de desarrollar estas primeras Olimp\u00edadas rafaelinas, un sue\u00f1o impulsado adem\u00e1s por el Jefe de Gabinete Eduardo L\u00f3pez, que nos ha dado una mano muy grande\u00bb, expres\u00f3 el Subsecretario de Deportes, Sebasti\u00e1n Ballina en el lanzamiento, acompa\u00f1ado por el propio L\u00f3pez, Germ\u00e1n Burcher por el Consejo Universitario y Ezequiel Torres por la Federaci\u00f3n de Estudiantes.<\/p>\n<p>Ballina agreg\u00f3 que \u00aball\u00e1 por julio le\u00a0contamos la idea a los estudiantes para ver la receptividad que ten\u00eda, y ellos r\u00e1pidamente se pusieron a trabajar en los aspectos deportivos y organizativos\u00bb.<\/p>\n<p>El jueves, a partir de las 14, en el CEF 53 se va a desarrollar la parte deportiva de esta jornada. Las disciplinas en esta primera edici\u00f3n ser\u00e1n f\u00fatbol y basquet masculino, y voley mixto.<\/p>\n<p>M\u00e1s all\u00e1 de la cuesti\u00f3n deportiva, el objetivo pasa por unir lazos y confraternizar entre los alumnos de los distintos centros de estudio. En esta ocasi\u00f3n estar\u00e1n participando alrededor de 300 alumnos de cinco universidades.<\/p>\n<p>Dentro de la iniciativa, cabe mencionar que ma\u00f1ana mi\u00e9rcoles por la noche habr\u00e1 una charla de Mat\u00edas Dalla Fontana, ex rugbier, Puma, y actualmente docente y sic\u00f3logo, para hablar de los valores del deporte en los j\u00f3venes. Ser\u00e1 a las 20 en UCES centro.<\/p>\n<p>&nbsp;<\/p>\n<p>&nbsp;<\/p>\n","protected":false},"excerpt":{"rendered":"<p>Este martes se realiz\u00f3, en el Sal\u00f3n Verde de la Municipalidad de Rafaela, la presentaci\u00f3n de las primeras Olimp\u00edadas Universitarias,<\/p>\n","protected":false},"author":2,"featured_media":2905,"comment_status":"open","ping_status":"open","sticky":false,"template":"","format":"standard","meta":{"footnotes":""},"categories":[24,1],"tags":[],"class_list":["post-2904","post","type-post","status-publish","format-standard","has-post-thumbnail","hentry","category-noticias-destacadas","category-sin-categoria"],"cc_featured_image_caption":{"caption_text":"Esta ma\u00f1ana fue la presentaci\u00f3n en la Municipalidad.","source_text":"","source_url":""},"_links":{"self":[{"href":"https:\/\/todoapulmon-rafaela.com\/index.php\/wp-json\/wp\/v2\/posts\/2904"}],"collection":[{"href":"https:\/\/todoapulmon-rafaela.com\/index.php\/wp-json\/wp\/v2\/posts"}],"about":[{"href":"https:\/\/todoapulmon-rafaela.com\/index.php\/wp-json\/wp\/v2\/types\/post"}],"author":[{"embeddable":true,"href":"https:\/\/todoapulmon-rafaela.com\/index.php\/wp-json\/wp\/v2\/users\/2"}],"replies":[{"embeddable":true,"href":"https:\/\/todoapulmon-rafaela.com\/index.php\/wp-json\/wp\/v2\/comments?post=2904"}],"version-history":[{"count":1,"href":"https:\/\/todoapulmon-rafaela.com\/index.php\/wp-json\/wp\/v2\/posts\/2904\/revisions"}],"predecessor-version":[{"id":2906,"href":"https:\/\/todoapulmon-rafaela.com\/index.php\/wp-json\/wp\/v2\/posts\/2904\/revisions\/2906"}],"wp:featuredmedia":[{"embeddable":true,"href":"https:\/\/todoapulmon-rafaela.com\/index.php\/wp-json\/wp\/v2\/media\/2905"}],"wp:attachment":[{"href":"https:\/\/todoapulmon-rafaela.com\/index.php\/wp-json\/wp\/v2\/media?parent=2904"}],"wp:term":[{"taxonomy":"category","embeddable":true,"href":"https:\/\/todoapulmon-rafaela.com\/index.php\/wp-json\/wp\/v2\/categories?post=2904"},{"taxonomy":"post_tag","embeddable":true,"href":"https:\/\/todoapulmon-rafaela.com\/index.php\/wp-json\/wp\/v2\/tags?post=2904"}],"curies":[{"name":"wp","href":"https:\/\/api.w.org\/{rel}","templated":true}]}}