{"id":29003,"date":"2021-12-22T11:34:47","date_gmt":"2021-12-22T11:34:47","guid":{"rendered":"https:\/\/todoapulmon-rafaela.com\/?p=29003"},"modified":"2021-12-22T11:34:47","modified_gmt":"2021-12-22T11:34:47","slug":"se-realiza-este-miercoles-la-fiesta-del-deporte","status":"publish","type":"post","link":"https:\/\/todoapulmon-rafaela.com\/index.php\/2021\/12\/22\/se-realiza-este-miercoles-la-fiesta-del-deporte\/","title":{"rendered":"Se realiza este mi\u00e9rcoles la Fiesta del Deporte"},"content":{"rendered":"<p>El Anfiteatro \u00abAlfredo Williner\u00bb ser\u00e1 escenario este mi\u00e9rcoles, desde las 20.30, de la 24\u00aa edici\u00f3n de la Fiesta del Deporte y Elecci\u00f3n del Deportista del A\u00f1o, organizada por la Municipalidad de Rafaela, a trav\u00e9s de Subsecretar\u00eda de Deportes y Recreaci\u00f3n. En caso de mal tiempo se trasladar\u00e1 al Cine Belgrano.<\/p>\n<p>En esta oportunidad la organizaci\u00f3n del evento dispuso una modificaci\u00f3n en relaci\u00f3n a anteriores ediciones, ubicando a los deportistas de mayor nivel de la ciudad en el escal\u00f3n \u00abalto rendimiento\u00bb, dentro del cual estar\u00e1n los principales candidatos a la estatuilla mayor. Asimismo, en esta oportunidad no habr\u00e1 ganadores de ternas, teniendo los integrantes de cada disciplina el mismo reconocimiento.<\/p>\n<p>Cabe destacar que las ternas se eligieron de manera participativa y democr\u00e1tica en funci\u00f3n del m\u00e9rito deportivo, siendo parte del proceso electivo los integrantes de la Comisi\u00f3n Asesora Municipal del Deporte y periodistas deportivos de nuestra ciudad. Como todos los a\u00f1os, tambi\u00e9n se entregar\u00e1n distinciones al Deportista Amateur del A\u00f1o, a la Revelaci\u00f3n de la Temporada, al Auxiliar Deportivo y al ex-Deportista Destacado.<\/p>\n<p>Recordemos que esta tradicional ceremonia se desarroll\u00f3 por \u00faltima vez en 2019, cuando fue elegido Deportista del A\u00f1o el rugbier Mayco Vivas. Luego, en 2020, no se realiz\u00f3 debido a la pandemia y a la escasa actividad deportiva que se dio el a\u00f1o anterior.<\/p>\n<p align=\"LEFT\">El siguiente es el listado de participantes en cada disciplina:<\/p>\n<p align=\"LEFT\"><b>AEROMODELISMO<\/b><\/p>\n<p align=\"LEFT\">BARUCHELLI LEONARDO<\/p>\n<p align=\"LEFT\">DUNKY ELVIO<\/p>\n<p align=\"LEFT\">ENRICO AGUST\u00cdN<\/p>\n<p align=\"LEFT\"><b>AJEDREZ<\/b><\/p>\n<p align=\"LEFT\">DELGADO SALVADOR<\/p>\n<p align=\"LEFT\"><b>AUTOMOVILISMO ZONAL<\/b><\/p>\n<p align=\"LEFT\">GONZ\u00c1LEZ NICOL\u00c1S<\/p>\n<p align=\"LEFT\">ZANATTA CLAUDIO<\/p>\n<p align=\"LEFT\">GHIOTTI AGUST\u00cdN<\/p>\n<p align=\"LEFT\"><b>AUTOMOVILISMO NACIONAL<\/b><\/p>\n<p align=\"LEFT\">GAUCHAT\u00a0M\u00c1XIMO<\/p>\n<p align=\"LEFT\">SARACCO RICARDO<\/p>\n<p align=\"LEFT\">ANDREIS MAXIMILIANO<\/p>\n<p align=\"LEFT\"><b>ATLETISMO<\/b><\/p>\n<p align=\"LEFT\">TOLEDO ANTONELA<\/p>\n<p align=\"LEFT\">ABBA VIRGINIA<\/p>\n<p align=\"LEFT\">ROSE YAZMINA<\/p>\n<p align=\"LEFT\">ZANATTA ANGELINA<\/p>\n<p align=\"LEFT\"><b>B\u00c1SQUETBOL<\/b><\/p>\n<p align=\"LEFT\">CHIABOTTO FRANCO<\/p>\n<p align=\"LEFT\">ACU\u00d1A RODRIGO<\/p>\n<p align=\"LEFT\">REBOLA ANDREA<\/p>\n<p align=\"LEFT\"><b>BOCHAS<\/b><\/p>\n<p align=\"LEFT\">GERBAUDO MILAGROS<\/p>\n<p align=\"LEFT\">PIEDRABUENA ANDR\u00c9S ESTEBAN<\/p>\n<p align=\"LEFT\">VALIENTE DIEGO<\/p>\n<p align=\"LEFT\"><b>BILLAR<\/b><\/p>\n<p align=\"LEFT\">ACOSTA GABRIEL<\/p>\n<p align=\"LEFT\">MORBIDONI MARIANO<\/p>\n<p align=\"LEFT\"><b>BOXEO<\/b><\/p>\n<p align=\"LEFT\">RUIZ FLORENCIA<\/p>\n<p align=\"LEFT\">KEMPFEN TIAGO<\/p>\n<p align=\"LEFT\">MARIANI RODRIGO<\/p>\n<p align=\"LEFT\">MORLACHI NICOLAS<\/p>\n<p align=\"LEFT\"><b>CICLISMO<\/b><\/p>\n<p align=\"LEFT\">MANSILLA CARLOS<\/p>\n<p align=\"LEFT\">SU\u00c1REZ FARID<\/p>\n<p align=\"LEFT\">DANA VALENTINO<\/p>\n<p align=\"LEFT\"><b>FISICOCULTURISMO Y BIKINI FITNESS<\/b><\/p>\n<p align=\"LEFT\">FONTANETTO DIEGO<\/p>\n<p align=\"LEFT\">URIARTE JULIA<\/p>\n<p align=\"LEFT\"><b>F\u00daTBOL\u00a0LIGA<\/b><\/p>\n<p align=\"LEFT\">L\u00d3PEZ ELIANA<\/p>\n<p align=\"LEFT\">JARA HERN\u00c1N<\/p>\n<p align=\"LEFT\">WEISSEN JUAN<\/p>\n<p align=\"LEFT\"><b>GIMNASIA ART\u00cdSTICA<\/b><\/p>\n<p align=\"LEFT\">PERETTO VALENTINA<\/p>\n<p align=\"LEFT\">ACOSTA EMILIA<\/p>\n<p align=\"LEFT\">GONZ\u00c1LEZ LUC\u00cdA<\/p>\n<p align=\"LEFT\"><b>GOLF<\/b><\/p>\n<p align=\"LEFT\">TITA AGUST\u00cdN<\/p>\n<p align=\"LEFT\">RIACHI ALEJANDRO<\/p>\n<p align=\"LEFT\">BOCCHETTO LUC\u00cdA<\/p>\n<p align=\"LEFT\"><b>HANDBALL<\/b><\/p>\n<p align=\"LEFT\">TERNENGO PAULINA<\/p>\n<p align=\"LEFT\">MERLINO BENJAMIN<\/p>\n<p align=\"LEFT\">BUSTOS SANTIAGO<\/p>\n<p align=\"LEFT\"><b>HOCKEY<\/b><\/p>\n<p align=\"LEFT\">DOM\u00cdNGUEZ PAMELA<\/p>\n<p align=\"LEFT\">PINTOS ALDANA<\/p>\n<p align=\"LEFT\">LORENZATTI RAUL<\/p>\n<p align=\"LEFT\"><b>JIU-JITSU<\/b><\/p>\n<p align=\"LEFT\">MONTIEL RAM\u00d3N<\/p>\n<p align=\"LEFT\"><b>KARATE-DO<\/b><\/p>\n<p align=\"LEFT\">RAM\u00cdREZ TRIANA<\/p>\n<p align=\"LEFT\">BETELLO MAURO<\/p>\n<p align=\"LEFT\">MONCADA MATEO<\/p>\n<p align=\"LEFT\"><b>MIDGET<\/b><\/p>\n<p align=\"LEFT\">ZBRUN GONZALO<\/p>\n<p align=\"LEFT\">BOSIO N\u00c9STOR<\/p>\n<p align=\"LEFT\">ZBRUN LUCAS<\/p>\n<p align=\"LEFT\"><b>MMA<\/b><\/p>\n<p align=\"LEFT\">SEGARRA TAMARA<\/p>\n<p align=\"LEFT\">RAMALLO JUAN CRUZ<\/p>\n<p align=\"LEFT\">ALMADA MARCELO<\/p>\n<p align=\"LEFT\"><b>MONTAIN BIKE<\/b><\/p>\n<p align=\"LEFT\">SIMONDI LUISINA<\/p>\n<p align=\"LEFT\">C\u00c9SAR BONETTO<\/p>\n<p align=\"LEFT\">WILLINER NORBERTO<\/p>\n<p align=\"LEFT\"><b>MOTOCICLISMO<\/b><\/p>\n<p align=\"LEFT\">DELLASANTA ARIEL<\/p>\n<p align=\"LEFT\">FERNANDO SEGATTI<\/p>\n<p align=\"LEFT\">DONATTI AGUST\u00cdN<\/p>\n<p align=\"LEFT\">CHIABOTTO ULISES<\/p>\n<p align=\"LEFT\"><b>NATACI\u00d3N<\/b><\/p>\n<p align=\"LEFT\">L\u00d3PEZ C\u00d3RDOBA MORENA<\/p>\n<p align=\"LEFT\">C\u00c1CERES MIRANDA<\/p>\n<p align=\"LEFT\">DONNET ANDR\u00c9S<\/p>\n<p align=\"LEFT\">MEZZO GABRIELA<\/p>\n<p align=\"LEFT\"><b>PADDLE<\/b><\/p>\n<p align=\"LEFT\">GONZALEZ BOSCH, RAFAEL<\/p>\n<p align=\"LEFT\">BALLARI, DIEGO<\/p>\n<p align=\"LEFT\">GARIGLIO CREM\u00d3N CARINA<\/p>\n<p align=\"LEFT\"><b>PAT\u00cdN\/PAT\u00cdN CARRERA<\/b><\/p>\n<p align=\"LEFT\">FOLLET MAR\u00cdA JOS\u00c9<\/p>\n<p align=\"LEFT\">PERALTA AGOSTINA<\/p>\n<p align=\"LEFT\">QUIROGA DAIARA<\/p>\n<p align=\"LEFT\">FERRARESE LUC\u00cdA<\/p>\n<p align=\"LEFT\">ALBERA NICOL\u00c1S<\/p>\n<p align=\"LEFT\"><b>PEDESTRISMO<\/b><\/p>\n<p align=\"LEFT\">MARIOTTA JORGELINA<\/p>\n<p align=\"LEFT\">BORLLE MARIANA<\/p>\n<p align=\"LEFT\">BURGI JOS\u00c9<\/p>\n<p align=\"LEFT\"><b>PELOTA PALETA<\/b><\/p>\n<p align=\"LEFT\">BIMA DANIEL<\/p>\n<p align=\"LEFT\">MONUTTI MART\u00cdN<\/p>\n<p align=\"LEFT\">EMMERT IGNACIO<\/p>\n<p align=\"LEFT\">VACA AGUST\u00cdN<\/p>\n<p align=\"LEFT\"><b>POLO<\/b><\/p>\n<p align=\"LEFT\">YOSSEN ARIEL<\/p>\n<p align=\"LEFT\">OGGERO JAVIER<\/p>\n<p align=\"LEFT\">OGGERO NORBERTO<\/p>\n<p align=\"LEFT\"><b>TRIATL\u00d3N<\/b><\/p>\n<p align=\"LEFT\">INGARAMO CATALINA<\/p>\n<p align=\"LEFT\">PERETTI SERGIO<\/p>\n<p align=\"LEFT\">HAUSWIRTH SUSANA<\/p>\n<p align=\"LEFT\"><strong>RUGBY<\/strong><\/p>\n<p align=\"LEFT\">SAPINO IGNACIO<\/p>\n<p align=\"LEFT\">KERSTENS SANTIAGO<\/p>\n<p align=\"LEFT\">ASEF HANAN<\/p>\n<p align=\"LEFT\"><b>SALTOS H\u00cdPICOS<\/b><\/p>\n<p align=\"LEFT\">GAGLIARDO AMALIA<\/p>\n<p align=\"LEFT\">GAGLIANO MAR\u00cdA EMILIA<\/p>\n<p align=\"LEFT\">RICO V\u00cdCTOR<\/p>\n<p align=\"LEFT\"><b>TAEKWONDO<\/b><\/p>\n<p align=\"LEFT\">GERVASONI ANDRES<\/p>\n<p align=\"LEFT\">COMELATO FRANCO<\/p>\n<p align=\"LEFT\">PATYN RATTI FAUSTINO<\/p>\n<p align=\"LEFT\">VIVAS MALENA<\/p>\n<p align=\"LEFT\"><b>TENIS<\/b><\/p>\n<p align=\"LEFT\">BRARDA FELIPE<\/p>\n<p align=\"LEFT\">ESCOBAR JOAQU\u00cdN<\/p>\n<p align=\"LEFT\">VOTTERO AGUSTINA<\/p>\n<p align=\"LEFT\"><b>RURAL BIKE<\/b><\/p>\n<p align=\"LEFT\">\u00a0GENTINETA ROSALIA<\/p>\n<p align=\"LEFT\">GILLI HECTOR<\/p>\n<p align=\"LEFT\">GILLI MARCELO<\/p>\n<p align=\"LEFT\"><b>TIRO DEPORTIVO<\/b><\/p>\n<p align=\"LEFT\">BATISTONI MAT\u00cdAS<\/p>\n<p align=\"LEFT\">GAJTOSIK IGNACIO<\/p>\n<p align=\"LEFT\">PALMUCCI DIEGO<\/p>\n<p align=\"LEFT\"><b>VOLEIBOL<\/b><\/p>\n<p align=\"LEFT\">NAVARRO, CRISTI\u00c1N<\/p>\n<p align=\"LEFT\">C\u00d3RDOBA, SANTIAGO<\/p>\n<p align=\"LEFT\">PEREZ CAMILA<\/p>\n<p align=\"LEFT\"><b>VUELO A VELA<\/b><\/p>\n<p align=\"LEFT\">MIRASSO WALTER<\/p>\n<p align=\"LEFT\">PAIS FERNANDO<\/p>\n<p align=\"LEFT\">JUSCO MAURO<\/p>\n<p align=\"LEFT\"><b>WUSHU<\/b><\/p>\n<p align=\"LEFT\">CHAVEZ LARA<\/p>\n<p align=\"LEFT\">MATTIO VIOLETA<\/p>\n<p align=\"LEFT\">MARQUEZ EMANUEL<\/p>\n<p align=\"LEFT\"><b>DEPORTISTAS ALTO RENDIMIENTO<\/b><\/p>\n<p align=\"LEFT\">TOM\u00c1S MONDINO (ATLETISMO)<\/p>\n<p align=\"LEFT\">PEDRO RUBIOLO (RUGBY)<\/p>\n<p align=\"LEFT\">JUAN IGNACIO CANELA (AUTOMOVILISMO)<\/p>\n<p align=\"LEFT\">MELISA GRETTER (B\u00c1SQUETBOL)<\/p>\n<p align=\"LEFT\">ROBERTO ACU\u00d1A (B\u00c1SQUETBOL)<\/p>\n<p align=\"LEFT\">CANDELA GENTINETTA (B\u00c1SQUETBOL)<\/p>\n<p align=\"LEFT\">ANGELO MARTINO (F\u00daTBOL)<\/p>\n<p align=\"LEFT\">OMAR SERRANO (BOCHAS)<\/p>\n<p align=\"LEFT\">JOEL VARGAS (CICLISMO)<\/p>\n<p align=\"LEFT\">NATALIA VERA (CICLISMO)<\/p>\n<p align=\"LEFT\">GERM\u00c1N ROMITELLI (TIRO)<\/p>\n<p align=\"LEFT\">ROM\u00c1N R\u00c9BORA (GOLF)<\/p>\n<p align=\"LEFT\">ABRIL OKON (ATLETISMO)<\/p>\n<p align=\"LEFT\">\u00a0PEDRO EMMERT (ATLETISMO)<\/p>\n<p align=\"LEFT\">PABLO CABALLERO (MMA)<\/p>\n<p align=\"LEFT\">OMAR D\u00cdAZ (BOXEO)<\/p>\n<p align=\"LEFT\">V\u00cdCTOR EXNER (BOXEO)<\/p>\n<p align=\"LEFT\">NICOL\u00c1S BLANCO (BOXEO)<\/p>\n<p align=\"LEFT\">LUCAS BLONDEL (F\u00daTBOL)<\/p>\n<p align=\"LEFT\">NICOL\u00c1S CASTRO (F\u00daTBOL)<\/p>\n<p align=\"LEFT\">MAGDALENA GAIDO (GIMNASIA ART\u00cdSTICA)<\/p>\n<p align=\"LEFT\">KNOLL GONZALO\/BARROS IARA (PAT\u00cdN)<\/p>\n<p align=\"LEFT\">JOSEFINA ZEHNDER (TENIS)<\/p>\n<p align=\"LEFT\">FRANCO RIBERO (TENIS)<\/p>\n<p align=\"LEFT\">ARIEL MAGALLANES (ATLETISMO)<\/p>\n<p align=\"LEFT\"><strong>EXDEPORTISTA<\/strong>: CARLOS RAFAELLI<\/p>\n<p align=\"LEFT\"><strong>AUXILIAR DEPORTIVO<\/strong>: V\u00cdCTOR INGARAMO.<\/p>\n","protected":false},"excerpt":{"rendered":"<p>El Anfiteatro \u00abAlfredo Williner\u00bb ser\u00e1 escenario este mi\u00e9rcoles, desde las 20.30, de la 24\u00aa edici\u00f3n de la Fiesta del Deporte<\/p>\n","protected":false},"author":2,"featured_media":29005,"comment_status":"open","ping_status":"open","sticky":false,"template":"","format":"standard","meta":{"footnotes":""},"categories":[24],"tags":[],"class_list":["post-29003","post","type-post","status-publish","format-standard","has-post-thumbnail","hentry","category-noticias-destacadas"],"cc_featured_image_caption":{"caption_text":"La \u00faltima vez que se hizo en el Anfiteatro fue en 2017.","source_text":"","source_url":""},"_links":{"self":[{"href":"https:\/\/todoapulmon-rafaela.com\/index.php\/wp-json\/wp\/v2\/posts\/29003"}],"collection":[{"href":"https:\/\/todoapulmon-rafaela.com\/index.php\/wp-json\/wp\/v2\/posts"}],"about":[{"href":"https:\/\/todoapulmon-rafaela.com\/index.php\/wp-json\/wp\/v2\/types\/post"}],"author":[{"embeddable":true,"href":"https:\/\/todoapulmon-rafaela.com\/index.php\/wp-json\/wp\/v2\/users\/2"}],"replies":[{"embeddable":true,"href":"https:\/\/todoapulmon-rafaela.com\/index.php\/wp-json\/wp\/v2\/comments?post=29003"}],"version-history":[{"count":2,"href":"https:\/\/todoapulmon-rafaela.com\/index.php\/wp-json\/wp\/v2\/posts\/29003\/revisions"}],"predecessor-version":[{"id":29006,"href":"https:\/\/todoapulmon-rafaela.com\/index.php\/wp-json\/wp\/v2\/posts\/29003\/revisions\/29006"}],"wp:featuredmedia":[{"embeddable":true,"href":"https:\/\/todoapulmon-rafaela.com\/index.php\/wp-json\/wp\/v2\/media\/29005"}],"wp:attachment":[{"href":"https:\/\/todoapulmon-rafaela.com\/index.php\/wp-json\/wp\/v2\/media?parent=29003"}],"wp:term":[{"taxonomy":"category","embeddable":true,"href":"https:\/\/todoapulmon-rafaela.com\/index.php\/wp-json\/wp\/v2\/categories?post=29003"},{"taxonomy":"post_tag","embeddable":true,"href":"https:\/\/todoapulmon-rafaela.com\/index.php\/wp-json\/wp\/v2\/tags?post=29003"}],"curies":[{"name":"wp","href":"https:\/\/api.w.org\/{rel}","templated":true}]}}