{"id":28901,"date":"2021-12-15T23:23:09","date_gmt":"2021-12-15T23:23:09","guid":{"rendered":"https:\/\/todoapulmon-rafaela.com\/?p=28901"},"modified":"2021-12-15T23:23:09","modified_gmt":"2021-12-15T23:23:09","slug":"un-sueno-concretado-casa-propia-para-el-club-ciclista","status":"publish","type":"post","link":"https:\/\/todoapulmon-rafaela.com\/index.php\/2021\/12\/15\/un-sueno-concretado-casa-propia-para-el-club-ciclista\/","title":{"rendered":"Un sue\u00f1o concretado, casa propia para el Club Ciclista"},"content":{"rendered":"<p>Y un d\u00eda el Club Ciclista de Rafaela pudo decir oficialmente que es due\u00f1o de sus tierras. Este mi\u00e9rcoles se cedieron las Escrituras por parte del municipio a la instituci\u00f3n, en un sencillo pero emotivo acto realizado en el frente del Club.<\/p>\n<p>La escribana Jorgelina Basano formaliz\u00f3 inicialmente este esperado tr\u00e1mite mencionando las palabras que los dirigentes encabezados por Adri\u00e1n Della Torre esperaban desde hace mucho tiempo. \u00abSuscribiremos la\u00a0Escritura P\u00fablica de transferencia de dominio, de este predio que actualmente ocupa el Club Ciclista, y donde a partir de este momento la Municipalidad de Rafaela se lo transfiere en car\u00e1cter de donaci\u00f3n con cargo para que el club pueda seguir desarrollando todas las actividades que le compete &#8216;in eternum'\u00bb.<br \/>\nLuego de la firma por parte del intendente Luis Castellano, de la secretaria Camila Vazquez y Della Torre, el cerrado aplaudo coron\u00f3 el importante acto.<br \/>\nYa en las sensaciones posteriores, Castelllano record\u00f3 que junto al concejal Lisandro M\u00e1rsico, presente en el acto lo mismo que el Secretario de Gobierno Marcelo Lombardo, al igual que el flamante Concejal Ceferino Mondino (entrenador de atletismo adem\u00e1s en la entidad) y otras autoridades e invitados especiales, estuvieron trabajando desde hace bastante tiempo porque este anhelado momento pudiera concretarse.<\/p>\n<p>\u00abFue una idea impulsada fundamentalmente por ustedes (dirigi\u00e9ndose a los dirigentes), si hay algo que ustedes tienen es perseverancia e insistencia, y eso muy bueno, porque finalmente se pudo lograr\u00bb.<br \/>\nTambi\u00e9n elogi\u00f3 al club mencionando que \u00abestoy gratamente sorprendido por los avances, por el estado que est\u00e1, por todo lo que piensan hacer en el futuro. Nosotros como representantes de la ciudad debemos reconocer la voluntad de trabajar ad honorem, el tiempo libre que destinan para venir al club para traccionar y contener una gran cantidad de chicos y chicas. Y un p\u00e1rrafo especial para Ciclismo en los Barrios, ese programa que tantas satisfacciones ha dado al deporte de la ciudad\u00bb.<br \/>\nVisiblemente emocionado durante el acto, Adri\u00e1n Della Torre agradeci\u00f3 y mencion\u00f3 que \u00abel a\u00f1o que viene Ciclismo en los Barrios cumplir\u00e1 30 a\u00f1os. Tuvimos la satisfacci\u00f3n que el municipio de Avellaneda, en Buenos Aires, ha copiado el proyecto, es una semillita que nace en una ciudad chica del interior y llega a grandes ciudades del pa\u00eds, mencionando a la Municipalidad de Rafaela y al Club Ciclista\u00bb.<\/p>\n","protected":false},"excerpt":{"rendered":"<p>Y un d\u00eda el Club Ciclista de Rafaela pudo decir oficialmente que es due\u00f1o de sus tierras. Este mi\u00e9rcoles se<\/p>\n","protected":false},"author":2,"featured_media":28902,"comment_status":"open","ping_status":"open","sticky":false,"template":"","format":"standard","meta":{"footnotes":""},"categories":[4,24],"tags":[],"class_list":["post-28901","post","type-post","status-publish","format-standard","has-post-thumbnail","hentry","category-ciclismo","category-noticias-destacadas"],"cc_featured_image_caption":{"caption_text":"","source_text":"","source_url":""},"_links":{"self":[{"href":"https:\/\/todoapulmon-rafaela.com\/index.php\/wp-json\/wp\/v2\/posts\/28901"}],"collection":[{"href":"https:\/\/todoapulmon-rafaela.com\/index.php\/wp-json\/wp\/v2\/posts"}],"about":[{"href":"https:\/\/todoapulmon-rafaela.com\/index.php\/wp-json\/wp\/v2\/types\/post"}],"author":[{"embeddable":true,"href":"https:\/\/todoapulmon-rafaela.com\/index.php\/wp-json\/wp\/v2\/users\/2"}],"replies":[{"embeddable":true,"href":"https:\/\/todoapulmon-rafaela.com\/index.php\/wp-json\/wp\/v2\/comments?post=28901"}],"version-history":[{"count":1,"href":"https:\/\/todoapulmon-rafaela.com\/index.php\/wp-json\/wp\/v2\/posts\/28901\/revisions"}],"predecessor-version":[{"id":28903,"href":"https:\/\/todoapulmon-rafaela.com\/index.php\/wp-json\/wp\/v2\/posts\/28901\/revisions\/28903"}],"wp:featuredmedia":[{"embeddable":true,"href":"https:\/\/todoapulmon-rafaela.com\/index.php\/wp-json\/wp\/v2\/media\/28902"}],"wp:attachment":[{"href":"https:\/\/todoapulmon-rafaela.com\/index.php\/wp-json\/wp\/v2\/media?parent=28901"}],"wp:term":[{"taxonomy":"category","embeddable":true,"href":"https:\/\/todoapulmon-rafaela.com\/index.php\/wp-json\/wp\/v2\/categories?post=28901"},{"taxonomy":"post_tag","embeddable":true,"href":"https:\/\/todoapulmon-rafaela.com\/index.php\/wp-json\/wp\/v2\/tags?post=28901"}],"curies":[{"name":"wp","href":"https:\/\/api.w.org\/{rel}","templated":true}]}}