{"id":28881,"date":"2021-12-13T22:29:08","date_gmt":"2021-12-13T22:29:08","guid":{"rendered":"https:\/\/todoapulmon-rafaela.com\/?p=28881"},"modified":"2021-12-13T22:29:08","modified_gmt":"2021-12-13T22:29:08","slug":"destacada-performance-de-almagro-en-el-50o-campeonato-argentino","status":"publish","type":"post","link":"https:\/\/todoapulmon-rafaela.com\/index.php\/2021\/12\/13\/destacada-performance-de-almagro-en-el-50o-campeonato-argentino\/","title":{"rendered":"Destacada performance de Almagro en el 50\u00ba Campeonato Argentino"},"content":{"rendered":"<p>Con gran \u00e9xito se desarroll\u00f3 el domingo en las instalaciones del Club Almagro, el quincuag\u00e9simo Campeonato Argentino de Karate Kyudokan Higa Te. El certamen, que se viene realizando desde el a\u00f1o 1972, tuvo la presencia de 130 competidores de distintas provincias, como Mendoza, San Luis, C\u00f3rdoba, Santa Fe, Buenos Aires y Entre R\u00edos.<br \/>\nLa jornada tuvo alrededor de\u00a050 categor\u00edas, individuales y por equipos, en kata y kumite. La entidad anfitriona, a cargo del instructor Carlos Abelda\u00f1o, tuvo 11 competidores de los equipos infantiles, cadetes y cadetes juveniles.<br \/>\nLos competidores que representaron al Dojo de Almagro de Rafaela en el 50\u00b0 Torneo Argentino fueron:\u00a0Dominic Avalos, Facundo Aiassa, Thiago Moncada, Mateo Sassia,.Nicol\u00e1s Echevarr\u00eda, Tiziano\u00a0 Oesquer, Francisco Villegas, Mateo Moncada, Triana Ram\u00edrez, Cristian Oesquer y Mart\u00edn Gilli.<br \/>\nEstas fueron las posiciones:\u00a0<strong>Mateo Sassia<\/strong>: 3\u00b0 Kata Individual.<br \/>\n<strong>Nicol\u00e1s Echevarr\u00eda:<\/strong>\u00a03\u00b0 Kata Individual.<br \/>\n<strong>Francisco Villegas:<\/strong>\u00a03\u00b0 Kata Individual y 2\u00b0 Kumite Individual.<br \/>\n<strong>Mateo Moncada:<\/strong>\u00a02\u00b0 Kata Individual y 3\u00b0 Kumite Individual.<br \/>\n<strong>Triana Ram\u00edrez:<\/strong>\u00a01\u00b0 Kumite Individual y 2\u00b0 Kata Individual.<br \/>\n<strong>T. Ram\u00edrez, M. Moncada y F. Villegas:<\/strong>\u00a01\u00b0 Kata Equipos.<br \/>\n<strong>M. Moncada, F. Villegas y T. Oesquer:<\/strong>\u00a02\u00b0 Kumite Equipos.<\/p>\n","protected":false},"excerpt":{"rendered":"<p>Con gran \u00e9xito se desarroll\u00f3 el domingo en las instalaciones del Club Almagro, el quincuag\u00e9simo Campeonato Argentino de Karate Kyudokan<\/p>\n","protected":false},"author":2,"featured_media":28882,"comment_status":"open","ping_status":"open","sticky":false,"template":"","format":"standard","meta":{"footnotes":""},"categories":[18,24],"tags":[],"class_list":["post-28881","post","type-post","status-publish","format-standard","has-post-thumbnail","hentry","category-artes-marciales","category-noticias-destacadas"],"cc_featured_image_caption":{"caption_text":"La delegaci\u00f3n de Almagro con el Sensei Oscar Higa y los trofeos obtenidos. (Foto Prensa Almagro).","source_text":"","source_url":""},"_links":{"self":[{"href":"https:\/\/todoapulmon-rafaela.com\/index.php\/wp-json\/wp\/v2\/posts\/28881"}],"collection":[{"href":"https:\/\/todoapulmon-rafaela.com\/index.php\/wp-json\/wp\/v2\/posts"}],"about":[{"href":"https:\/\/todoapulmon-rafaela.com\/index.php\/wp-json\/wp\/v2\/types\/post"}],"author":[{"embeddable":true,"href":"https:\/\/todoapulmon-rafaela.com\/index.php\/wp-json\/wp\/v2\/users\/2"}],"replies":[{"embeddable":true,"href":"https:\/\/todoapulmon-rafaela.com\/index.php\/wp-json\/wp\/v2\/comments?post=28881"}],"version-history":[{"count":1,"href":"https:\/\/todoapulmon-rafaela.com\/index.php\/wp-json\/wp\/v2\/posts\/28881\/revisions"}],"predecessor-version":[{"id":28883,"href":"https:\/\/todoapulmon-rafaela.com\/index.php\/wp-json\/wp\/v2\/posts\/28881\/revisions\/28883"}],"wp:featuredmedia":[{"embeddable":true,"href":"https:\/\/todoapulmon-rafaela.com\/index.php\/wp-json\/wp\/v2\/media\/28882"}],"wp:attachment":[{"href":"https:\/\/todoapulmon-rafaela.com\/index.php\/wp-json\/wp\/v2\/media?parent=28881"}],"wp:term":[{"taxonomy":"category","embeddable":true,"href":"https:\/\/todoapulmon-rafaela.com\/index.php\/wp-json\/wp\/v2\/categories?post=28881"},{"taxonomy":"post_tag","embeddable":true,"href":"https:\/\/todoapulmon-rafaela.com\/index.php\/wp-json\/wp\/v2\/tags?post=28881"}],"curies":[{"name":"wp","href":"https:\/\/api.w.org\/{rel}","templated":true}]}}