{"id":28803,"date":"2021-12-09T21:58:39","date_gmt":"2021-12-09T21:58:39","guid":{"rendered":"https:\/\/todoapulmon-rafaela.com\/?p=28803"},"modified":"2021-12-09T22:13:06","modified_gmt":"2021-12-09T22:13:06","slug":"un-cierre-de-ano-muy-positivo-con-el-nacional-c-para-almagro","status":"publish","type":"post","link":"https:\/\/todoapulmon-rafaela.com\/index.php\/2021\/12\/09\/un-cierre-de-ano-muy-positivo-con-el-nacional-c-para-almagro\/","title":{"rendered":"Un cierre de a\u00f1o muy positivo con el Nacional C para Almagro"},"content":{"rendered":"<p>El Club Almagro tuvo la presencia de cinco patinadoras, representantes de la Federaci\u00f3n de Pat\u00edn de la Provincia de Santa Fe, en la Copa Gonz\u00e1lez Molina, Nacional Divisional C, que se est\u00e1 realizando en el Polideportivo Ave F\u00e9nix de San Luis hasta el 12 de diciembre.<\/p>\n<p>En el importante torneo las deportistas entrenadas por Delfina Alasia y Candela Bracamonte tuvieron meritorias performances, cerr\u00e1ndose de esta forma un a\u00f1o muy positivo para los grupos de competici\u00f3n de la entidad de barrio Central C\u00f3rdoba, recordando que fue el primero como parte del \u00e1mbito organizativo de la Confederaci\u00f3n Argentina de Pat\u00edn.<\/p>\n<p>Luc\u00eda Ferrarese, en categor\u00eda Segunda C 12 a\u00f1os, obtuvo el noveno puesto entre 37 patinadoras.<\/p>\n<p><img loading=\"lazy\" decoding=\"async\" class=\"alignnone size-medium wp-image-28804\" src=\"https:\/\/todoapulmon-rafaela.com\/wp-content\/uploads\/2021\/12\/San-Luis-1-169x300.jpg\" alt=\"\" width=\"169\" height=\"300\" srcset=\"https:\/\/todoapulmon-rafaela.com\/wp-content\/uploads\/2021\/12\/San-Luis-1-169x300.jpg 169w, https:\/\/todoapulmon-rafaela.com\/wp-content\/uploads\/2021\/12\/San-Luis-1-844x1500.jpg 844w, https:\/\/todoapulmon-rafaela.com\/wp-content\/uploads\/2021\/12\/San-Luis-1-864x1536.jpg 864w, https:\/\/todoapulmon-rafaela.com\/wp-content\/uploads\/2021\/12\/San-Luis-1.jpg 900w\" sizes=\"(max-width: 169px) 100vw, 169px\" \/><img loading=\"lazy\" decoding=\"async\" class=\"alignnone size-medium wp-image-28806\" src=\"https:\/\/todoapulmon-rafaela.com\/wp-content\/uploads\/2021\/12\/San-Luis-2-225x300.jpg\" alt=\"\" width=\"225\" height=\"300\" srcset=\"https:\/\/todoapulmon-rafaela.com\/wp-content\/uploads\/2021\/12\/San-Luis-2-225x300.jpg 225w, https:\/\/todoapulmon-rafaela.com\/wp-content\/uploads\/2021\/12\/San-Luis-2-1125x1500.jpg 1125w, https:\/\/todoapulmon-rafaela.com\/wp-content\/uploads\/2021\/12\/San-Luis-2-1152x1536.jpg 1152w, https:\/\/todoapulmon-rafaela.com\/wp-content\/uploads\/2021\/12\/San-Luis-2.jpg 1200w\" sizes=\"(max-width: 225px) 100vw, 225px\" \/><\/p>\n<p>Constanza Junges fue parte de la categor\u00eda Tercera 11 a\u00f1os obteniendo el puesto 13 entre 47 participantes.<\/p>\n<p>Asimismo, Magal\u00ed Allasia particip\u00f3 en categor\u00eda Segunda C\u00a0 14 a\u00f1os logrando la posici\u00f3n 27.<\/p>\n<p>Morena Raffaelli compiti\u00f3 en categor\u00eda Tercera C 13 a\u00f1os, clasificando en el puesto 42; mientras que Elina Denasio particip\u00f3 en categor\u00eda Segunda C 13 a\u00f1os, logrando el puesto 41.<\/p>\n<p><img loading=\"lazy\" decoding=\"async\" class=\"alignnone size-medium wp-image-28807\" src=\"https:\/\/todoapulmon-rafaela.com\/wp-content\/uploads\/2021\/12\/San-Luis-4-225x300.jpg\" alt=\"\" width=\"225\" height=\"300\" srcset=\"https:\/\/todoapulmon-rafaela.com\/wp-content\/uploads\/2021\/12\/San-Luis-4-225x300.jpg 225w, https:\/\/todoapulmon-rafaela.com\/wp-content\/uploads\/2021\/12\/San-Luis-4-1125x1500.jpg 1125w, https:\/\/todoapulmon-rafaela.com\/wp-content\/uploads\/2021\/12\/San-Luis-4-1152x1536.jpg 1152w, https:\/\/todoapulmon-rafaela.com\/wp-content\/uploads\/2021\/12\/San-Luis-4.jpg 1200w\" sizes=\"(max-width: 225px) 100vw, 225px\" \/><img loading=\"lazy\" decoding=\"async\" class=\"alignnone size-medium wp-image-28808\" src=\"https:\/\/todoapulmon-rafaela.com\/wp-content\/uploads\/2021\/12\/San-Luis-5-225x300.jpg\" alt=\"\" width=\"225\" height=\"300\" srcset=\"https:\/\/todoapulmon-rafaela.com\/wp-content\/uploads\/2021\/12\/San-Luis-5-225x300.jpg 225w, https:\/\/todoapulmon-rafaela.com\/wp-content\/uploads\/2021\/12\/San-Luis-5-1125x1500.jpg 1125w, https:\/\/todoapulmon-rafaela.com\/wp-content\/uploads\/2021\/12\/San-Luis-5-1152x1536.jpg 1152w, https:\/\/todoapulmon-rafaela.com\/wp-content\/uploads\/2021\/12\/San-Luis-5.jpg 1200w\" sizes=\"(max-width: 225px) 100vw, 225px\" \/><\/p>\n","protected":false},"excerpt":{"rendered":"<p>El Club Almagro tuvo la presencia de cinco patinadoras, representantes de la Federaci\u00f3n de Pat\u00edn de la Provincia de Santa<\/p>\n","protected":false},"author":2,"featured_media":28810,"comment_status":"open","ping_status":"open","sticky":false,"template":"","format":"standard","meta":{"footnotes":""},"categories":[24,30],"tags":[],"class_list":["post-28803","post","type-post","status-publish","format-standard","has-post-thumbnail","hentry","category-noticias-destacadas","category-patin"],"cc_featured_image_caption":{"caption_text":"","source_text":"","source_url":""},"_links":{"self":[{"href":"https:\/\/todoapulmon-rafaela.com\/index.php\/wp-json\/wp\/v2\/posts\/28803"}],"collection":[{"href":"https:\/\/todoapulmon-rafaela.com\/index.php\/wp-json\/wp\/v2\/posts"}],"about":[{"href":"https:\/\/todoapulmon-rafaela.com\/index.php\/wp-json\/wp\/v2\/types\/post"}],"author":[{"embeddable":true,"href":"https:\/\/todoapulmon-rafaela.com\/index.php\/wp-json\/wp\/v2\/users\/2"}],"replies":[{"embeddable":true,"href":"https:\/\/todoapulmon-rafaela.com\/index.php\/wp-json\/wp\/v2\/comments?post=28803"}],"version-history":[{"count":3,"href":"https:\/\/todoapulmon-rafaela.com\/index.php\/wp-json\/wp\/v2\/posts\/28803\/revisions"}],"predecessor-version":[{"id":28812,"href":"https:\/\/todoapulmon-rafaela.com\/index.php\/wp-json\/wp\/v2\/posts\/28803\/revisions\/28812"}],"wp:featuredmedia":[{"embeddable":true,"href":"https:\/\/todoapulmon-rafaela.com\/index.php\/wp-json\/wp\/v2\/media\/28810"}],"wp:attachment":[{"href":"https:\/\/todoapulmon-rafaela.com\/index.php\/wp-json\/wp\/v2\/media?parent=28803"}],"wp:term":[{"taxonomy":"category","embeddable":true,"href":"https:\/\/todoapulmon-rafaela.com\/index.php\/wp-json\/wp\/v2\/categories?post=28803"},{"taxonomy":"post_tag","embeddable":true,"href":"https:\/\/todoapulmon-rafaela.com\/index.php\/wp-json\/wp\/v2\/tags?post=28803"}],"curies":[{"name":"wp","href":"https:\/\/api.w.org\/{rel}","templated":true}]}}