{"id":28703,"date":"2021-12-05T13:31:15","date_gmt":"2021-12-05T13:31:15","guid":{"rendered":"https:\/\/todoapulmon-rafaela.com\/?p=28703"},"modified":"2021-12-05T13:31:15","modified_gmt":"2021-12-05T13:31:15","slug":"un-cierre-de-la-mejor-manera-en-las-inferiores-del-voley-de-almagro","status":"publish","type":"post","link":"https:\/\/todoapulmon-rafaela.com\/index.php\/2021\/12\/05\/un-cierre-de-la-mejor-manera-en-las-inferiores-del-voley-de-almagro\/","title":{"rendered":"Un cierre de la mejor manera en las inferiores del voley de Almagro"},"content":{"rendered":"<p>El cierre de la temporada de divisiones inferiores de la Asociaci\u00f3n Rafaelina de Voley fue con mucho \u00e9xito para Almagro, que fue anfitri\u00f3n del \u00faltimo Grand Prix de la categor\u00eda Sub 14 y obtuvo el primer puesto con el equipo A. Adem\u00e1s, culmin\u00f3 la temporada de la ARV como subcampe\u00f3n, mientras que el Sub 14 B fue tercero en la Copa de Plata.<\/p>\n<p><img loading=\"lazy\" decoding=\"async\" class=\"alignnone size-full wp-image-28705\" src=\"https:\/\/todoapulmon-rafaela.com\/wp-content\/uploads\/2021\/12\/WhatsApp-Image-2021-12-04-at-18.43.06.jpeg\" alt=\"\" width=\"1599\" height=\"831\" srcset=\"https:\/\/todoapulmon-rafaela.com\/wp-content\/uploads\/2021\/12\/WhatsApp-Image-2021-12-04-at-18.43.06.jpeg 1599w, https:\/\/todoapulmon-rafaela.com\/wp-content\/uploads\/2021\/12\/WhatsApp-Image-2021-12-04-at-18.43.06-300x156.jpeg 300w, https:\/\/todoapulmon-rafaela.com\/wp-content\/uploads\/2021\/12\/WhatsApp-Image-2021-12-04-at-18.43.06-1536x798.jpeg 1536w\" sizes=\"(max-width: 1599px) 100vw, 1599px\" \/><\/p>\n<p>En el resumen de la temporada de las categor\u00edas formativas, obtuvo estos muy buenos resultados:<\/p>\n<div dir=\"auto\">Sub 13 A: campe\u00f3n Absoluto.<\/div>\n<div dir=\"auto\">Sub 14 A: subcampe\u00f3n.<\/div>\n<div dir=\"auto\">Sub 16 A: subcampe\u00f3n.<\/div>\n<div dir=\"auto\">Sub 18 A: subcampe\u00f3n.<\/div>\n<div dir=\"auto\">Sub 18 B : tercer puesto.<\/div>\n<div dir=\"auto\">Adem\u00e1s, el caudal de jugadoras se vio reflejado en la cantidad de equipos presentados:<\/div>\n<div dir=\"auto\">&#8211; 5 Equipos de Sub 13<\/div>\n<div dir=\"auto\">&#8211; 2 Equipos de Sub 14<\/div>\n<div dir=\"auto\">&#8211; 3 Equipos de Sub 16<\/div>\n<div dir=\"auto\">&#8211; 3 Equipos de Sub 18.<\/div>\n<div dir=\"auto\"><\/div>\n","protected":false},"excerpt":{"rendered":"<p>El cierre de la temporada de divisiones inferiores de la Asociaci\u00f3n Rafaelina de Voley fue con mucho \u00e9xito para Almagro,<\/p>\n","protected":false},"author":2,"featured_media":28704,"comment_status":"open","ping_status":"open","sticky":false,"template":"","format":"standard","meta":{"footnotes":""},"categories":[24,16],"tags":[],"class_list":["post-28703","post","type-post","status-publish","format-standard","has-post-thumbnail","hentry","category-noticias-destacadas","category-voley"],"cc_featured_image_caption":{"caption_text":"El equipo Sub 14 A que gan\u00f3 el \u00faltimo Grand Prix y fue subcampe\u00f3n de la temporada. (Foto Prensa Voley Almagro).","source_text":"","source_url":""},"_links":{"self":[{"href":"https:\/\/todoapulmon-rafaela.com\/index.php\/wp-json\/wp\/v2\/posts\/28703"}],"collection":[{"href":"https:\/\/todoapulmon-rafaela.com\/index.php\/wp-json\/wp\/v2\/posts"}],"about":[{"href":"https:\/\/todoapulmon-rafaela.com\/index.php\/wp-json\/wp\/v2\/types\/post"}],"author":[{"embeddable":true,"href":"https:\/\/todoapulmon-rafaela.com\/index.php\/wp-json\/wp\/v2\/users\/2"}],"replies":[{"embeddable":true,"href":"https:\/\/todoapulmon-rafaela.com\/index.php\/wp-json\/wp\/v2\/comments?post=28703"}],"version-history":[{"count":1,"href":"https:\/\/todoapulmon-rafaela.com\/index.php\/wp-json\/wp\/v2\/posts\/28703\/revisions"}],"predecessor-version":[{"id":28706,"href":"https:\/\/todoapulmon-rafaela.com\/index.php\/wp-json\/wp\/v2\/posts\/28703\/revisions\/28706"}],"wp:featuredmedia":[{"embeddable":true,"href":"https:\/\/todoapulmon-rafaela.com\/index.php\/wp-json\/wp\/v2\/media\/28704"}],"wp:attachment":[{"href":"https:\/\/todoapulmon-rafaela.com\/index.php\/wp-json\/wp\/v2\/media?parent=28703"}],"wp:term":[{"taxonomy":"category","embeddable":true,"href":"https:\/\/todoapulmon-rafaela.com\/index.php\/wp-json\/wp\/v2\/categories?post=28703"},{"taxonomy":"post_tag","embeddable":true,"href":"https:\/\/todoapulmon-rafaela.com\/index.php\/wp-json\/wp\/v2\/tags?post=28703"}],"curies":[{"name":"wp","href":"https:\/\/api.w.org\/{rel}","templated":true}]}}